{"id":29610,"date":"2026-04-30T10:54:32","date_gmt":"2026-04-30T13:54:32","guid":{"rendered":"https:\/\/confirp.com.br\/?p=29610"},"modified":"2026-04-30T11:06:54","modified_gmt":"2026-04-30T14:06:54","slug":"malha-fina-2026-260-mil-retidos-imposto-de-renda","status":"publish","type":"post","link":"https:\/\/confirp.com.br\/es\/malha-fina-2026-260-mil-retidos-imposto-de-renda\/","title":{"rendered":"Malha fina dispara em 2026 e j\u00e1 atinge 260 mil contribuintes por falhas de informa\u00e7\u00e3o"},"content":{"rendered":"<p data-start=\"265\" data-end=\"595\">O avan\u00e7o da entrega do <strong data-start=\"288\" data-end=\"313\">Imposto de Renda 2026<\/strong> tem revelado um cen\u00e1rio de maior rigor na fiscaliza\u00e7\u00e3o e um aumento relevante no n\u00famero de brasileiros retidos na <strong data-start=\"428\" data-end=\"442\">malha fina<\/strong>. Somente por <strong data-start=\"456\" data-end=\"487\">diverg\u00eancias de informa\u00e7\u00f5es<\/strong>, cerca de <strong data-start=\"498\" data-end=\"523\">260 mil contribuintes<\/strong> j\u00e1 tiveram suas declara\u00e7\u00f5es retidas pela <strong data-start=\"565\" data-end=\"594\">Receita Federal do Brasil<\/strong>.<\/p>\n<h2 data-section-id=\"9vqzr8\" data-start=\"597\" data-end=\"644\"><span role=\"text\"><strong data-start=\"600\" data-end=\"644\">Aumento expressivo da malha fina em 2026<\/strong><\/span><\/h2>\n<p data-start=\"646\" data-end=\"1046\">O dado chama aten\u00e7\u00e3o dentro de um contexto mais amplo. No \u00faltimo exerc\u00edcio consolidado, aproximadamente <strong data-start=\"750\" data-end=\"779\">1,4 milh\u00e3o de declara\u00e7\u00f5es<\/strong> ficaram na malha fina por diferentes motivos. Agora, ainda no in\u00edcio do calend\u00e1rio de entrega, um \u00fanico tipo de inconsist\u00eancia j\u00e1 responde por uma parcela significativa das reten\u00e7\u00f5es, indicando que <strong data-start=\"978\" data-end=\"1045\">2026 tende a ser um dos anos mais sens\u00edveis para o contribuinte<\/strong>.<\/p>\n<h2 data-section-id=\"1pyo1jb\" data-start=\"1048\" data-end=\"1100\"><span role=\"text\"><strong data-start=\"1051\" data-end=\"1100\">Mudan\u00e7a no sistema est\u00e1 no centro do problema<\/strong><\/span><\/h2>\n<p data-start=\"1102\" data-end=\"1473\">O principal fator por tr\u00e1s desse aumento \u00e9 <strong data-start=\"1145\" data-end=\"1159\">estrutural<\/strong>. A <strong data-start=\"1163\" data-end=\"1183\">extin\u00e7\u00e3o da DIRF<\/strong> mudou completamente a l\u00f3gica de envio e cruzamento de dados no pa\u00eds. Antes, as informa\u00e7\u00f5es sobre rendimentos e impostos retidos eram consolidadas em uma \u00fanica declara\u00e7\u00e3o anual. Agora, passaram a ser transmitidas ao longo do ano, por diferentes obriga\u00e7\u00f5es, como <strong data-start=\"1445\" data-end=\"1456\">eSocial<\/strong> e <strong data-start=\"1459\" data-end=\"1472\">EFD-Reinf<\/strong>.<\/p>\n<p data-start=\"1475\" data-end=\"1943\">Essa descentraliza\u00e7\u00e3o trouxe mais controle para o Fisco, mas tamb\u00e9m elevou o risco de <strong data-start=\"1561\" data-end=\"1580\">inconsist\u00eancias<\/strong>. De acordo com o especialista Richard Domingos, o momento atual \u00e9 de adapta\u00e7\u00e3o e exige <strong data-start=\"1668\" data-end=\"1689\">aten\u00e7\u00e3o redobrada<\/strong>.<br data-start=\"1690\" data-end=\"1693\" \/>\u201cAntes havia uma base \u00fanica que servia como refer\u00eancia para empresas e contribuintes. Hoje, os dados s\u00e3o enviados de forma fragmentada, em per\u00edodos diferentes e por sistemas distintos. Isso aumenta significativamente o risco de diverg\u00eancias\u201d, afirma.<\/p>\n<p data-start=\"1945\" data-end=\"2359\">Ele explica que o problema n\u00e3o est\u00e1 necessariamente no preenchimento da declara\u00e7\u00e3o pelo contribuinte, mas muitas vezes na <strong data-start=\"2067\" data-end=\"2093\">origem das informa\u00e7\u00f5es<\/strong>.<br data-start=\"2094\" data-end=\"2097\" \/>\u201cEstamos vendo muitos casos em que a empresa informa um valor ao Fisco e outro no informe de rendimentos entregue ao trabalhador. Quando o contribuinte declara com base nesse documento, o sistema identifica a diferen\u00e7a e automaticamente ret\u00e9m a declara\u00e7\u00e3o\u201d, diz.<\/p>\n<h2 data-section-id=\"peytz4\" data-start=\"2361\" data-end=\"2419\"><span role=\"text\"><strong data-start=\"2364\" data-end=\"2419\">Contribuinte pode cair na malha fina mesmo sem erro<\/strong><\/span><\/h2>\n<p data-start=\"2421\" data-end=\"2786\">Um dos pontos mais cr\u00edticos deste ano \u00e9 justamente o fato de que nem sempre o erro est\u00e1 com quem declara.<br data-start=\"2526\" data-end=\"2529\" \/>\u201cEsse \u00e9 um cen\u00e1rio novo e preocupante. O contribuinte pode cair na malha fina mesmo tendo feito tudo corretamente, simplesmente porque houve inconsist\u00eancia entre as bases de dados. Por isso, a confer\u00eancia precisa ser ainda mais criteriosa\u201d, alerta Domingos.<\/p>\n<p data-start=\"2788\" data-end=\"2930\">Esse desalinhamento entre informa\u00e7\u00f5es explica por que a <strong data-start=\"2844\" data-end=\"2868\">diverg\u00eancia de dados<\/strong> j\u00e1 levou cerca de <strong data-start=\"2887\" data-end=\"2919\">260 mil pessoas \u00e0 malha fina<\/strong> at\u00e9 agora.<\/p>\n<h2 data-section-id=\"1kt7hbm\" data-start=\"2932\" data-end=\"2984\"><span role=\"text\"><strong data-start=\"2935\" data-end=\"2984\">Erros cl\u00e1ssicos continuam liderando reten\u00e7\u00f5es<\/strong><\/span><\/h2>\n<p data-start=\"2986\" data-end=\"3198\">Apesar da mudan\u00e7a estrutural, os erros tradicionais seguem como protagonistas. A <strong data-start=\"3067\" data-end=\"3086\">Receita Federal<\/strong> aponta que a maior parte das reten\u00e7\u00f5es ainda est\u00e1 ligada a <strong data-start=\"3146\" data-end=\"3173\">falhas de preenchimento<\/strong> ou falta de confer\u00eancia.<\/p>\n<p data-start=\"3200\" data-end=\"3465\">Entre os principais motivos est\u00e3o as <strong data-start=\"3237\" data-end=\"3259\">dedu\u00e7\u00f5es indevidas<\/strong>, especialmente <strong data-start=\"3275\" data-end=\"3295\">despesas m\u00e9dicas<\/strong>, que continuam liderando os casos. Em seguida aparecem a <strong data-start=\"3353\" data-end=\"3379\">omiss\u00e3o de rendimentos<\/strong>, inclusive de dependentes, e diverg\u00eancias nos valores de <strong data-start=\"3437\" data-end=\"3464\">imposto retido na fonte<\/strong>.<\/p>\n<p data-start=\"3467\" data-end=\"3778\">Tamb\u00e9m s\u00e3o comuns problemas com <strong data-start=\"3499\" data-end=\"3521\">incentivos fiscais<\/strong>, <strong data-start=\"3523\" data-end=\"3563\">rendimentos recebidos acumuladamente<\/strong> e diferen\u00e7as no imposto pago ao longo do ano, como <strong data-start=\"3615\" data-end=\"3629\">carn\u00ea-le\u00e3o<\/strong>. Na pr\u00e1tica, muitos desses erros est\u00e3o relacionados \u00e0 <strong data-start=\"3684\" data-end=\"3719\">falta de organiza\u00e7\u00e3o financeira<\/strong> e \u00e0 aus\u00eancia de confer\u00eancia dos documentos antes do envio.<\/p>\n<h2 data-section-id=\"rb26t4\" data-start=\"3780\" data-end=\"3836\"><span role=\"text\"><strong data-start=\"3783\" data-end=\"3836\">Os equ\u00edvocos mais recorrentes no Imposto de Renda<\/strong><\/span><\/h2>\n<p data-start=\"3838\" data-end=\"3947\">Na rotina de atendimento a contribuintes, alguns erros continuam se repetindo ano ap\u00f3s ano. Entre eles est\u00e3o:<\/p>\n<ul data-start=\"3949\" data-end=\"4541\">\n<li data-section-id=\"9j2oz3\" data-start=\"3949\" data-end=\"4057\">A <strong data-start=\"3953\" data-end=\"3995\">n\u00e3o declara\u00e7\u00e3o de todos os rendimentos<\/strong>, incluindo sal\u00e1rios, aposentadorias e ganhos de dependentes<\/li>\n<li data-section-id=\"uhl3r0\" data-start=\"4058\" data-end=\"4128\">A <strong data-start=\"4062\" data-end=\"4099\">omiss\u00e3o de rendimentos de aluguel<\/strong> recebidos de pessoa f\u00edsica<\/li>\n<li data-section-id=\"1162rtw\" data-start=\"4129\" data-end=\"4198\">O <strong data-start=\"4133\" data-end=\"4177\">lan\u00e7amento incorreto de despesas m\u00e9dicas<\/strong> ou sem comprova\u00e7\u00e3o<\/li>\n<li data-section-id=\"t3qcwl\" data-start=\"4199\" data-end=\"4262\">A inclus\u00e3o de gastos de pessoas que <strong data-start=\"4237\" data-end=\"4260\">n\u00e3o s\u00e3o dependentes<\/strong><\/li>\n<li data-section-id=\"5rpuje\" data-start=\"4263\" data-end=\"4348\">O uso indevido de <strong data-start=\"4283\" data-end=\"4305\">benef\u00edcios fiscais<\/strong>, como no caso da <strong data-start=\"4323\" data-end=\"4346\">previd\u00eancia privada<\/strong><\/li>\n<li data-section-id=\"fqkre\" data-start=\"4349\" data-end=\"4418\">A aus\u00eancia de informa\u00e7\u00f5es sobre <strong data-start=\"4383\" data-end=\"4416\">opera\u00e7\u00f5es em bolsa de valores<\/strong><\/li>\n<li data-section-id=\"lc03zk\" data-start=\"4419\" data-end=\"4481\">A <strong data-start=\"4423\" data-end=\"4453\">duplicidade de dependentes<\/strong> em declara\u00e7\u00f5es diferentes<\/li>\n<li data-section-id=\"nj0oqp\" data-start=\"4482\" data-end=\"4541\">A declara\u00e7\u00e3o de <strong data-start=\"4500\" data-end=\"4541\">pens\u00e3o aliment\u00edcia sem respaldo legal<\/strong><\/li>\n<\/ul>\n<p>&nbsp;<\/p>\n<p data-start=\"4543\" data-end=\"4709\">Essas falhas s\u00e3o facilmente identificadas pelos sistemas da Receita, que realizam <strong data-start=\"4625\" data-end=\"4648\">cruzamento de dados<\/strong> com empresas, bancos, planos de sa\u00fade e outras institui\u00e7\u00f5es.<\/p>\n<h2 data-section-id=\"1twyg8k\" data-start=\"4711\" data-end=\"4767\"><span role=\"text\"><strong data-start=\"4714\" data-end=\"4767\">Declara\u00e7\u00e3o pr\u00e9-preenchida exige aten\u00e7\u00e3o redobrada<\/strong><\/span><\/h2>\n<p data-start=\"4769\" data-end=\"4977\">Outro fator que ganha protagonismo em 2026 \u00e9 a <strong data-start=\"4816\" data-end=\"4845\">declara\u00e7\u00e3o pr\u00e9-preenchida<\/strong>. A ferramenta, que importa automaticamente dados j\u00e1 informados ao Fisco, tem sido cada vez mais utilizada por facilitar o processo.<\/p>\n<p data-start=\"4979\" data-end=\"5294\">No entanto, especialistas alertam que ela n\u00e3o elimina a necessidade de confer\u00eancia.<br data-start=\"5062\" data-end=\"5065\" \/>\u201cA pr\u00e9-preenchida agiliza, mas exige cautela redobrada neste ano. Como os dados v\u00eam de diferentes fontes e foram enviados ao longo do tempo, qualquer erro na origem ser\u00e1 automaticamente refletido na declara\u00e7\u00e3o\u201d, explica Domingos.<\/p>\n<p data-start=\"5296\" data-end=\"5402\">Segundo ele, confiar integralmente no sistema sem revis\u00e3o pode aumentar o risco de cair na <strong data-start=\"5387\" data-end=\"5401\">malha fina<\/strong>.<\/p>\n<h2 data-section-id=\"bbcusx\" data-start=\"5404\" data-end=\"5452\"><span role=\"text\"><strong data-start=\"5407\" data-end=\"5452\">Cruzamento de dados mais rigoroso em 2026<\/strong><\/span><\/h2>\n<p data-start=\"5454\" data-end=\"5698\">O cen\u00e1rio atual indica uma tend\u00eancia clara: o <strong data-start=\"5500\" data-end=\"5523\">cruzamento de dados<\/strong> est\u00e1 mais sofisticado e eficiente. Com informa\u00e7\u00f5es sendo enviadas quase em tempo real, a Receita Federal consegue identificar <strong data-start=\"5650\" data-end=\"5697\">inconsist\u00eancias com mais rapidez e precis\u00e3o<\/strong>.<\/p>\n<p data-start=\"5700\" data-end=\"6018\">Para o especialista, isso exige uma mudan\u00e7a de comportamento por parte dos contribuintes.<br data-start=\"5789\" data-end=\"5792\" \/>\u201cA era do preenchimento autom\u00e1tico sem confer\u00eancia acabou. O contribuinte precisa assumir um papel mais ativo, revisar documentos, comparar informa\u00e7\u00f5es e acompanhar o processamento da declara\u00e7\u00e3o ap\u00f3s o envio\u201d, afirma Domingos.<\/p>\n<h2 data-section-id=\"1b2k1jb\" data-start=\"6020\" data-end=\"6065\"><span role=\"text\"><strong data-start=\"6023\" data-end=\"6065\">Como evitar cair na malha fina em 2026<\/strong><\/span><\/h2>\n<p data-start=\"6067\" data-end=\"6137\">Diante do aumento das reten\u00e7\u00f5es, algumas medidas se tornam essenciais:<\/p>\n<ul data-start=\"6139\" data-end=\"6450\">\n<li data-section-id=\"9vsm75\" data-start=\"6139\" data-end=\"6206\"><strong data-start=\"6141\" data-end=\"6186\">Conferir todos os informes de rendimentos<\/strong> antes de declarar<\/li>\n<li data-section-id=\"1rs4hy3\" data-start=\"6207\" data-end=\"6269\">Verificar se os valores batem com <strong data-start=\"6243\" data-end=\"6267\">holerites e extratos<\/strong><\/li>\n<li data-section-id=\"10jugh\" data-start=\"6270\" data-end=\"6331\">Organizar <strong data-start=\"6282\" data-end=\"6301\">recibos m\u00e9dicos<\/strong> e documentos comprobat\u00f3rios<\/li>\n<li data-section-id=\"lkreo6\" data-start=\"6332\" data-end=\"6393\">Revisar dados de <strong data-start=\"6351\" data-end=\"6391\">dependentes e rendimentos vinculados<\/strong><\/li>\n<li data-section-id=\"1nkze57\" data-start=\"6394\" data-end=\"6450\">Acompanhar o <strong data-start=\"6409\" data-end=\"6433\">status da declara\u00e7\u00e3o<\/strong> ap\u00f3s a entrega<\/li>\n<\/ul>\n<p>&nbsp;<\/p>\n<p data-start=\"6452\" data-end=\"6792\">Mais do que nunca, evitar a <strong data-start=\"6480\" data-end=\"6494\">malha fina<\/strong> depende de aten\u00e7\u00e3o aos detalhes. Em um ambiente mais digital, integrado e rigoroso, pequenas diverg\u00eancias s\u00e3o suficientes para acionar os mecanismos de fiscaliza\u00e7\u00e3o. E, em <strong data-start=\"6667\" data-end=\"6675\">2026<\/strong>, esse cen\u00e1rio j\u00e1 mostra que ser\u00e1 preciso <strong data-start=\"6717\" data-end=\"6746\">mais cuidado do que nunca<\/strong> para manter a declara\u00e7\u00e3o longe da malha fina.<\/p>\n","protected":false},"excerpt":{"rendered":"<p>Malha fina 2026 j\u00e1 atinge 260 mil por diverg\u00eancias no IR. Entenda os erros mais comuns e como evitar cair na fiscaliza\u00e7\u00e3o da Receita Federal.<\/p>\n","protected":false},"author":23,"featured_media":29056,"comment_status":"closed","ping_status":"closed","sticky":false,"template":"","format":"standard","meta":{"om_disable_all_campaigns":false,"_monsterinsights_skip_tracking":false,"_monsterinsights_sitenote_active":false,"_monsterinsights_sitenote_note":"","_monsterinsights_sitenote_category":0,"_uf_show_specific_survey":0,"_uf_disable_surveys":false,"footnotes":""},"categories":[34],"tags":[],"class_list":["post-29610","post","type-post","status-publish","format-standard","has-post-thumbnail","hentry","category-imprensa"],"yoast_head":"<!-- This site is optimized with the Yoast SEO plugin v27.5 - https:\/\/yoast.com\/product\/yoast-seo-wordpress\/ -->\n<title>Malha fina dispara em 2026 e j\u00e1 atinge 260 mil contribuintes por falhas de informa\u00e7\u00e3o - CONFIRP<\/title>\n<meta name=\"description\" content=\"Malha fina 2026 j\u00e1 atinge 260 mil por diverg\u00eancias no IR. Entenda os erros mais comuns e como evitar cair na fiscaliza\u00e7\u00e3o da Receita Federal.\" \/>\n<meta name=\"robots\" content=\"index, follow, max-snippet:-1, max-image-preview:large, max-video-preview:-1\" \/>\n<link rel=\"canonical\" href=\"https:\/\/confirp.com.br\/es\/malha-fina-2026-260-mil-retidos-imposto-de-renda\/\" \/>\n<meta property=\"og:locale\" content=\"es_ES\" \/>\n<meta property=\"og:type\" content=\"article\" \/>\n<meta property=\"og:title\" content=\"Malha fina dispara em 2026 e j\u00e1 atinge 260 mil contribuintes por falhas de informa\u00e7\u00e3o - CONFIRP\" \/>\n<meta property=\"og:description\" content=\"Malha fina 2026 j\u00e1 atinge 260 mil por diverg\u00eancias no IR. Entenda os erros mais comuns e como evitar cair na fiscaliza\u00e7\u00e3o da Receita Federal.\" \/>\n<meta property=\"og:url\" content=\"https:\/\/confirp.com.br\/es\/malha-fina-2026-260-mil-retidos-imposto-de-renda\/\" \/>\n<meta property=\"og:site_name\" content=\"CONFIRP\" \/>\n<meta property=\"article:published_time\" content=\"2026-04-30T13:54:32+00:00\" \/>\n<meta property=\"article:modified_time\" content=\"2026-04-30T14:06:54+00:00\" \/>\n<meta property=\"og:image\" content=\"https:\/\/confirp.com.br\/wp-content\/uploads\/2026\/03\/richard-domingos-diretor-executivo-confirp-_1_-qnkzayiko5t3wagxxyjla4kbgmw718uk7rltoirtfc.webp\" \/>\n\t<meta property=\"og:image:width\" content=\"400\" \/>\n\t<meta property=\"og:image:height\" content=\"300\" \/>\n\t<meta property=\"og:image:type\" content=\"image\/webp\" \/>\n<meta name=\"author\" content=\"Confirp\" \/>\n<meta name=\"twitter:card\" content=\"summary_large_image\" \/>\n<meta name=\"twitter:label1\" content=\"Escrito por\" \/>\n\t<meta name=\"twitter:data1\" content=\"Confirp\" \/>\n\t<meta name=\"twitter:label2\" content=\"Tiempo de lectura\" \/>\n\t<meta name=\"twitter:data2\" content=\"6 minutos\" \/>\n<script type=\"application\/ld+json\" class=\"yoast-schema-graph\">{\"@context\":\"https:\\\/\\\/schema.org\",\"@graph\":[{\"@type\":\"Article\",\"@id\":\"https:\\\/\\\/confirp.com.br\\\/es\\\/malha-fina-2026-260-mil-retidos-imposto-de-renda\\\/#article\",\"isPartOf\":{\"@id\":\"https:\\\/\\\/confirp.com.br\\\/es\\\/malha-fina-2026-260-mil-retidos-imposto-de-renda\\\/\"},\"author\":{\"name\":\"Confirp\",\"@id\":\"https:\\\/\\\/confirp.com.br\\\/es\\\/#\\\/schema\\\/person\\\/0b813b8b6b0885df635186847eda21da\"},\"headline\":\"Malha fina dispara em 2026 e j\u00e1 atinge 260 mil contribuintes por falhas de informa\u00e7\u00e3o\",\"datePublished\":\"2026-04-30T13:54:32+00:00\",\"dateModified\":\"2026-04-30T14:06:54+00:00\",\"mainEntityOfPage\":{\"@id\":\"https:\\\/\\\/confirp.com.br\\\/es\\\/malha-fina-2026-260-mil-retidos-imposto-de-renda\\\/\"},\"wordCount\":1064,\"publisher\":{\"@id\":\"https:\\\/\\\/confirp.com.br\\\/es\\\/#organization\"},\"image\":{\"@id\":\"https:\\\/\\\/confirp.com.br\\\/es\\\/malha-fina-2026-260-mil-retidos-imposto-de-renda\\\/#primaryimage\"},\"thumbnailUrl\":\"https:\\\/\\\/confirp.com.br\\\/wp-content\\\/uploads\\\/2026\\\/03\\\/richard-domingos-diretor-executivo-confirp-_1_-qnkzayiko5t3wagxxyjla4kbgmw718uk7rltoirtfc.webp\",\"articleSection\":[\"imprensa\"],\"inLanguage\":\"es\"},{\"@type\":\"WebPage\",\"@id\":\"https:\\\/\\\/confirp.com.br\\\/es\\\/malha-fina-2026-260-mil-retidos-imposto-de-renda\\\/\",\"url\":\"https:\\\/\\\/confirp.com.br\\\/es\\\/malha-fina-2026-260-mil-retidos-imposto-de-renda\\\/\",\"name\":\"Malha fina dispara em 2026 e j\u00e1 atinge 260 mil contribuintes por falhas de informa\u00e7\u00e3o - CONFIRP\",\"isPartOf\":{\"@id\":\"https:\\\/\\\/confirp.com.br\\\/es\\\/#website\"},\"primaryImageOfPage\":{\"@id\":\"https:\\\/\\\/confirp.com.br\\\/es\\\/malha-fina-2026-260-mil-retidos-imposto-de-renda\\\/#primaryimage\"},\"image\":{\"@id\":\"https:\\\/\\\/confirp.com.br\\\/es\\\/malha-fina-2026-260-mil-retidos-imposto-de-renda\\\/#primaryimage\"},\"thumbnailUrl\":\"https:\\\/\\\/confirp.com.br\\\/wp-content\\\/uploads\\\/2026\\\/03\\\/richard-domingos-diretor-executivo-confirp-_1_-qnkzayiko5t3wagxxyjla4kbgmw718uk7rltoirtfc.webp\",\"datePublished\":\"2026-04-30T13:54:32+00:00\",\"dateModified\":\"2026-04-30T14:06:54+00:00\",\"description\":\"Malha fina 2026 j\u00e1 atinge 260 mil por diverg\u00eancias no IR. Entenda os erros mais comuns e como evitar cair na fiscaliza\u00e7\u00e3o da Receita Federal.\",\"breadcrumb\":{\"@id\":\"https:\\\/\\\/confirp.com.br\\\/es\\\/malha-fina-2026-260-mil-retidos-imposto-de-renda\\\/#breadcrumb\"},\"inLanguage\":\"es\",\"potentialAction\":[{\"@type\":\"ReadAction\",\"target\":[\"https:\\\/\\\/confirp.com.br\\\/es\\\/malha-fina-2026-260-mil-retidos-imposto-de-renda\\\/\"]}]},{\"@type\":\"ImageObject\",\"inLanguage\":\"es\",\"@id\":\"https:\\\/\\\/confirp.com.br\\\/es\\\/malha-fina-2026-260-mil-retidos-imposto-de-renda\\\/#primaryimage\",\"url\":\"https:\\\/\\\/confirp.com.br\\\/wp-content\\\/uploads\\\/2026\\\/03\\\/richard-domingos-diretor-executivo-confirp-_1_-qnkzayiko5t3wagxxyjla4kbgmw718uk7rltoirtfc.webp\",\"contentUrl\":\"https:\\\/\\\/confirp.com.br\\\/wp-content\\\/uploads\\\/2026\\\/03\\\/richard-domingos-diretor-executivo-confirp-_1_-qnkzayiko5t3wagxxyjla4kbgmw718uk7rltoirtfc.webp\",\"width\":400,\"height\":300,\"caption\":\"richard domingos diretor executivo confirp qnkzayikotwagxxyjlakbgmwukrltoirtfc\"},{\"@type\":\"BreadcrumbList\",\"@id\":\"https:\\\/\\\/confirp.com.br\\\/es\\\/malha-fina-2026-260-mil-retidos-imposto-de-renda\\\/#breadcrumb\",\"itemListElement\":[{\"@type\":\"ListItem\",\"position\":1,\"name\":\"Home\",\"item\":\"https:\\\/\\\/confirp.com.br\\\/es\\\/inicio\\\/\"},{\"@type\":\"ListItem\",\"position\":2,\"name\":\"imprensa\",\"item\":\"https:\\\/\\\/confirp.com.br\\\/es\\\/category\\\/imprensa\\\/\"},{\"@type\":\"ListItem\",\"position\":3,\"name\":\"Malha fina dispara em 2026 e j\u00e1 atinge 260 mil contribuintes por falhas de informa\u00e7\u00e3o\"}]},{\"@type\":\"WebSite\",\"@id\":\"https:\\\/\\\/confirp.com.br\\\/es\\\/#website\",\"url\":\"https:\\\/\\\/confirp.com.br\\\/es\\\/\",\"name\":\"CONFIRP\",\"description\":\"\",\"publisher\":{\"@id\":\"https:\\\/\\\/confirp.com.br\\\/es\\\/#organization\"},\"potentialAction\":[{\"@type\":\"SearchAction\",\"target\":{\"@type\":\"EntryPoint\",\"urlTemplate\":\"https:\\\/\\\/confirp.com.br\\\/es\\\/?s={search_term_string}\"},\"query-input\":{\"@type\":\"PropertyValueSpecification\",\"valueRequired\":true,\"valueName\":\"search_term_string\"}}],\"inLanguage\":\"es\"},{\"@type\":\"Organization\",\"@id\":\"https:\\\/\\\/confirp.com.br\\\/es\\\/#organization\",\"name\":\"CONFIRP\",\"url\":\"https:\\\/\\\/confirp.com.br\\\/es\\\/\",\"logo\":{\"@type\":\"ImageObject\",\"inLanguage\":\"es\",\"@id\":\"https:\\\/\\\/confirp.com.br\\\/es\\\/#\\\/schema\\\/logo\\\/image\\\/\",\"url\":\"https:\\\/\\\/confirp.com.br\\\/wp-content\\\/uploads\\\/2018\\\/09\\\/logo-confirp.svg\",\"contentUrl\":\"https:\\\/\\\/confirp.com.br\\\/wp-content\\\/uploads\\\/2018\\\/09\\\/logo-confirp.svg\",\"width\":176,\"height\":40,\"caption\":\"CONFIRP\"},\"image\":{\"@id\":\"https:\\\/\\\/confirp.com.br\\\/es\\\/#\\\/schema\\\/logo\\\/image\\\/\"}},{\"@type\":\"Person\",\"@id\":\"https:\\\/\\\/confirp.com.br\\\/es\\\/#\\\/schema\\\/person\\\/0b813b8b6b0885df635186847eda21da\",\"name\":\"Confirp\",\"url\":\"https:\\\/\\\/confirp.com.br\\\/es\\\/author\\\/confirp\\\/\"}]}<\/script>\n<!-- \/ Yoast SEO plugin. -->","yoast_head_json":{"title":"Malha fina dispara em 2026 e j\u00e1 atinge 260 mil contribuintes por falhas de informa\u00e7\u00e3o - CONFIRP","description":"Malha fina 2026 j\u00e1 atinge 260 mil por diverg\u00eancias no IR. Entenda os erros mais comuns e como evitar cair na fiscaliza\u00e7\u00e3o da Receita Federal.","robots":{"index":"index","follow":"follow","max-snippet":"max-snippet:-1","max-image-preview":"max-image-preview:large","max-video-preview":"max-video-preview:-1"},"canonical":"https:\/\/confirp.com.br\/es\/malha-fina-2026-260-mil-retidos-imposto-de-renda\/","og_locale":"es_ES","og_type":"article","og_title":"Malha fina dispara em 2026 e j\u00e1 atinge 260 mil contribuintes por falhas de informa\u00e7\u00e3o - CONFIRP","og_description":"Malha fina 2026 j\u00e1 atinge 260 mil por diverg\u00eancias no IR. Entenda os erros mais comuns e como evitar cair na fiscaliza\u00e7\u00e3o da Receita Federal.","og_url":"https:\/\/confirp.com.br\/es\/malha-fina-2026-260-mil-retidos-imposto-de-renda\/","og_site_name":"CONFIRP","article_published_time":"2026-04-30T13:54:32+00:00","article_modified_time":"2026-04-30T14:06:54+00:00","og_image":[{"width":400,"height":300,"url":"https:\/\/confirp.com.br\/wp-content\/uploads\/2026\/03\/richard-domingos-diretor-executivo-confirp-_1_-qnkzayiko5t3wagxxyjla4kbgmw718uk7rltoirtfc.webp","type":"image\/webp"}],"author":"Confirp","twitter_card":"summary_large_image","twitter_misc":{"Escrito por":"Confirp","Tiempo de lectura":"6 minutos"},"schema":{"@context":"https:\/\/schema.org","@graph":[{"@type":"Article","@id":"https:\/\/confirp.com.br\/es\/malha-fina-2026-260-mil-retidos-imposto-de-renda\/#article","isPartOf":{"@id":"https:\/\/confirp.com.br\/es\/malha-fina-2026-260-mil-retidos-imposto-de-renda\/"},"author":{"name":"Confirp","@id":"https:\/\/confirp.com.br\/es\/#\/schema\/person\/0b813b8b6b0885df635186847eda21da"},"headline":"Malha fina dispara em 2026 e j\u00e1 atinge 260 mil contribuintes por falhas de informa\u00e7\u00e3o","datePublished":"2026-04-30T13:54:32+00:00","dateModified":"2026-04-30T14:06:54+00:00","mainEntityOfPage":{"@id":"https:\/\/confirp.com.br\/es\/malha-fina-2026-260-mil-retidos-imposto-de-renda\/"},"wordCount":1064,"publisher":{"@id":"https:\/\/confirp.com.br\/es\/#organization"},"image":{"@id":"https:\/\/confirp.com.br\/es\/malha-fina-2026-260-mil-retidos-imposto-de-renda\/#primaryimage"},"thumbnailUrl":"https:\/\/confirp.com.br\/wp-content\/uploads\/2026\/03\/richard-domingos-diretor-executivo-confirp-_1_-qnkzayiko5t3wagxxyjla4kbgmw718uk7rltoirtfc.webp","articleSection":["imprensa"],"inLanguage":"es"},{"@type":"WebPage","@id":"https:\/\/confirp.com.br\/es\/malha-fina-2026-260-mil-retidos-imposto-de-renda\/","url":"https:\/\/confirp.com.br\/es\/malha-fina-2026-260-mil-retidos-imposto-de-renda\/","name":"Malha fina dispara em 2026 e j\u00e1 atinge 260 mil contribuintes por falhas de informa\u00e7\u00e3o - CONFIRP","isPartOf":{"@id":"https:\/\/confirp.com.br\/es\/#website"},"primaryImageOfPage":{"@id":"https:\/\/confirp.com.br\/es\/malha-fina-2026-260-mil-retidos-imposto-de-renda\/#primaryimage"},"image":{"@id":"https:\/\/confirp.com.br\/es\/malha-fina-2026-260-mil-retidos-imposto-de-renda\/#primaryimage"},"thumbnailUrl":"https:\/\/confirp.com.br\/wp-content\/uploads\/2026\/03\/richard-domingos-diretor-executivo-confirp-_1_-qnkzayiko5t3wagxxyjla4kbgmw718uk7rltoirtfc.webp","datePublished":"2026-04-30T13:54:32+00:00","dateModified":"2026-04-30T14:06:54+00:00","description":"Malha fina 2026 j\u00e1 atinge 260 mil por diverg\u00eancias no IR. Entenda os erros mais comuns e como evitar cair na fiscaliza\u00e7\u00e3o da Receita Federal.","breadcrumb":{"@id":"https:\/\/confirp.com.br\/es\/malha-fina-2026-260-mil-retidos-imposto-de-renda\/#breadcrumb"},"inLanguage":"es","potentialAction":[{"@type":"ReadAction","target":["https:\/\/confirp.com.br\/es\/malha-fina-2026-260-mil-retidos-imposto-de-renda\/"]}]},{"@type":"ImageObject","inLanguage":"es","@id":"https:\/\/confirp.com.br\/es\/malha-fina-2026-260-mil-retidos-imposto-de-renda\/#primaryimage","url":"https:\/\/confirp.com.br\/wp-content\/uploads\/2026\/03\/richard-domingos-diretor-executivo-confirp-_1_-qnkzayiko5t3wagxxyjla4kbgmw718uk7rltoirtfc.webp","contentUrl":"https:\/\/confirp.com.br\/wp-content\/uploads\/2026\/03\/richard-domingos-diretor-executivo-confirp-_1_-qnkzayiko5t3wagxxyjla4kbgmw718uk7rltoirtfc.webp","width":400,"height":300,"caption":"richard domingos diretor executivo confirp qnkzayikotwagxxyjlakbgmwukrltoirtfc"},{"@type":"BreadcrumbList","@id":"https:\/\/confirp.com.br\/es\/malha-fina-2026-260-mil-retidos-imposto-de-renda\/#breadcrumb","itemListElement":[{"@type":"ListItem","position":1,"name":"Home","item":"https:\/\/confirp.com.br\/es\/inicio\/"},{"@type":"ListItem","position":2,"name":"imprensa","item":"https:\/\/confirp.com.br\/es\/category\/imprensa\/"},{"@type":"ListItem","position":3,"name":"Malha fina dispara em 2026 e j\u00e1 atinge 260 mil contribuintes por falhas de informa\u00e7\u00e3o"}]},{"@type":"WebSite","@id":"https:\/\/confirp.com.br\/es\/#website","url":"https:\/\/confirp.com.br\/es\/","name":"CONFIRP","description":"","publisher":{"@id":"https:\/\/confirp.com.br\/es\/#organization"},"potentialAction":[{"@type":"SearchAction","target":{"@type":"EntryPoint","urlTemplate":"https:\/\/confirp.com.br\/es\/?s={search_term_string}"},"query-input":{"@type":"PropertyValueSpecification","valueRequired":true,"valueName":"search_term_string"}}],"inLanguage":"es"},{"@type":"Organization","@id":"https:\/\/confirp.com.br\/es\/#organization","name":"CONFIRP","url":"https:\/\/confirp.com.br\/es\/","logo":{"@type":"ImageObject","inLanguage":"es","@id":"https:\/\/confirp.com.br\/es\/#\/schema\/logo\/image\/","url":"https:\/\/confirp.com.br\/wp-content\/uploads\/2018\/09\/logo-confirp.svg","contentUrl":"https:\/\/confirp.com.br\/wp-content\/uploads\/2018\/09\/logo-confirp.svg","width":176,"height":40,"caption":"CONFIRP"},"image":{"@id":"https:\/\/confirp.com.br\/es\/#\/schema\/logo\/image\/"}},{"@type":"Person","@id":"https:\/\/confirp.com.br\/es\/#\/schema\/person\/0b813b8b6b0885df635186847eda21da","name":"Confirp","url":"https:\/\/confirp.com.br\/es\/author\/confirp\/"}]}},"_links":{"self":[{"href":"https:\/\/confirp.com.br\/es\/wp-json\/wp\/v2\/posts\/29610","targetHints":{"allow":["GET"]}}],"collection":[{"href":"https:\/\/confirp.com.br\/es\/wp-json\/wp\/v2\/posts"}],"about":[{"href":"https:\/\/confirp.com.br\/es\/wp-json\/wp\/v2\/types\/post"}],"author":[{"embeddable":true,"href":"https:\/\/confirp.com.br\/es\/wp-json\/wp\/v2\/users\/23"}],"replies":[{"embeddable":true,"href":"https:\/\/confirp.com.br\/es\/wp-json\/wp\/v2\/comments?post=29610"}],"version-history":[{"count":0,"href":"https:\/\/confirp.com.br\/es\/wp-json\/wp\/v2\/posts\/29610\/revisions"}],"wp:featuredmedia":[{"embeddable":true,"href":"https:\/\/confirp.com.br\/es\/wp-json\/wp\/v2\/media\/29056"}],"wp:attachment":[{"href":"https:\/\/confirp.com.br\/es\/wp-json\/wp\/v2\/media?parent=29610"}],"wp:term":[{"taxonomy":"category","embeddable":true,"href":"https:\/\/confirp.com.br\/es\/wp-json\/wp\/v2\/categories?post=29610"},{"taxonomy":"post_tag","embeddable":true,"href":"https:\/\/confirp.com.br\/es\/wp-json\/wp\/v2\/tags?post=29610"}],"curies":[{"name":"wp","href":"https:\/\/api.w.org\/{rel}","templated":true}]}}