{"id":29605,"date":"2026-04-30T10:43:18","date_gmt":"2026-04-30T13:43:18","guid":{"rendered":"https:\/\/confirp.com.br\/?p=29605"},"modified":"2026-04-30T11:05:02","modified_gmt":"2026-04-30T14:05:02","slug":"simples-nacional-2027-mudanca-prazo-decisao-antecipada","status":"publish","type":"post","link":"https:\/\/confirp.com.br\/es\/simples-nacional-2027-mudanca-prazo-decisao-antecipada\/","title":{"rendered":"Simples Nacional 2027: mudan\u00e7a no prazo exige decis\u00e3o antecipada"},"content":{"rendered":"<p><span style=\"font-weight: 400;\">A mudan\u00e7a no prazo de ades\u00e3o ao <\/span><b>Simples Nacional<\/b><span style=\"font-weight: 400;\"> para o <\/span><b>ano-calend\u00e1rio de 2027<\/b><span style=\"font-weight: 400;\"> acendeu um alerta no meio empresarial ao criar um cen\u00e1rio em que a decis\u00e3o precisa ser antecipada, mas ainda sem as informa\u00e7\u00f5es necess\u00e1rias para que seja tomada com seguran\u00e7a.\u00a0<\/span><\/p>\n<p><span style=\"font-weight: 400;\">A nova regra, definida pela <\/span><b>Resolu\u00e7\u00e3o CGSN n\u00ba 186\/2026<\/b><span style=\"font-weight: 400;\">, estabelece que a op\u00e7\u00e3o dever\u00e1 ser feita entre <\/span><b>1\u00ba e 30 de setembro de 2026<\/b><span style=\"font-weight: 400;\">, com efeitos a partir de janeiro do ano seguinte, rompendo com o calend\u00e1rio tradicional que concentrava essa escolha no in\u00edcio do exerc\u00edcio.<\/span><\/p>\n<p>&nbsp;<\/p>\n<h2><b>Novo modelo tribut\u00e1rio: impacto do IBS e CBS no Simples Nacional<\/b><\/h2>\n<p><span style=\"font-weight: 400;\">O ponto central de preocupa\u00e7\u00e3o n\u00e3o est\u00e1 apenas na antecipa\u00e7\u00e3o do prazo, mas no fato de que, junto com ele, surge uma mudan\u00e7a estrutural relevante. As empresas enquadradas no <\/span><b>Simples Nacional<\/b><span style=\"font-weight: 400;\"> passam a ter a possibilidade de recolher o <\/span><a href=\"https:\/\/confirp.com.br\/isencao-do-ibs-e-cbs-congresso-mantem-beneficio-para-fundos-de-investimento-e-patrimoniais\/\"><b>IBS<\/b><span style=\"font-weight: 400;\"> e a <\/span><b>CBS<\/b><\/a><span style=\"font-weight: 400;\"> fora do regime simplificado, aderindo ao chamado <\/span><b>regime regular<\/b><span style=\"font-weight: 400;\">, o que altera de forma significativa a l\u00f3gica de apura\u00e7\u00e3o desses tributos.<\/span><\/p>\n<p>&nbsp;<\/p>\n<h2><b>Falta de defini\u00e7\u00e3o da Receita Federal gera incerteza<\/b><\/h2>\n<p><span style=\"font-weight: 400;\">Apesar da relev\u00e2ncia da escolha, o momento ainda \u00e9 de espera. A <\/span><a href=\"https:\/\/www.gov.br\/receitafederal\/pt-br\"><b>Receita Federal<\/b><\/a><span style=\"font-weight: 400;\"> tem at\u00e9 setembro para disponibilizar as informa\u00e7\u00f5es necess\u00e1rias para uma an\u00e1lise mais precisa, incluindo defini\u00e7\u00f5es operacionais e par\u00e2metros do novo modelo. At\u00e9 l\u00e1, o mercado convive com um cen\u00e1rio de <\/span><b>incerteza<\/b><span style=\"font-weight: 400;\">, no qual n\u00e3o \u00e9 poss\u00edvel realizar simula\u00e7\u00f5es consistentes ou projetar impactos com seguran\u00e7a.<\/span><\/p>\n<p>&nbsp;<\/p>\n<h2><b>Empresas buscam orienta\u00e7\u00e3o, mas sem base para decis\u00e3o<\/b><\/h2>\n<p><span style=\"font-weight: 400;\">Segundo <\/span><b>Welinton Mota<\/b><span style=\"font-weight: 400;\">, diretor tribut\u00e1rio da <\/span><b>Confirp Contabilidade<\/b><span style=\"font-weight: 400;\">, a movimenta\u00e7\u00e3o das empresas j\u00e1 come\u00e7ou, mas ainda sem capacidade real de decis\u00e3o. \u201cExiste uma preocupa\u00e7\u00e3o crescente no mercado, porque o prazo j\u00e1 est\u00e1 definido, mas as regras ainda n\u00e3o. As empresas sabem que ter\u00e3o que decidir, mas n\u00e3o sabem com base em quais par\u00e2metros\u201d, afirma.<\/span><\/p>\n<p><span style=\"font-weight: 400;\">De acordo com o especialista, h\u00e1 uma busca antecipada por orienta\u00e7\u00e3o, mas ainda sem conclus\u00f5es pr\u00e1ticas. \u201cMuitas empresas j\u00e1 est\u00e3o procurando suas contabilidades para entender os poss\u00edveis caminhos, mas a verdade \u00e9 que ainda n\u00e3o h\u00e1 como avan\u00e7ar. Faltam dados essenciais para qualquer simula\u00e7\u00e3o mais precisa\u201d, explica.<\/span><\/p>\n<p>&nbsp;<\/p>\n<h2><b>Competitividade empresarial e gera\u00e7\u00e3o de cr\u00e9dito tribut\u00e1rio<\/b><\/h2>\n<p><span style=\"font-weight: 400;\">A escolha entre permanecer integralmente no <\/span><b>Simples Nacional<\/b><span style=\"font-weight: 400;\"> ou optar pelo recolhimento de <\/span><b>IBS e CBS no regime regular<\/b><span style=\"font-weight: 400;\"> tende a ter impacto direto na <\/span><b>competitividade das empresas<\/b><span style=\"font-weight: 400;\">. No regime regular, h\u00e1 a possibilidade de <\/span><b>apura\u00e7\u00e3o de cr\u00e9ditos tribut\u00e1rios<\/b><span style=\"font-weight: 400;\">, o que pode ser relevante para neg\u00f3cios inseridos em cadeias produtivas mais complexas.<\/span><\/p>\n<p><span style=\"font-weight: 400;\">\u201cPara empresas que vendem para outras empresas (<\/span><b>B2B<\/b><span style=\"font-weight: 400;\">), a possibilidade de gerar cr\u00e9dito pode fazer diferen\u00e7a na negocia\u00e7\u00e3o. Isso pode pressionar algumas empresas a repensarem sua perman\u00eancia no Simples\u201d, destaca Mota.<\/span><\/p>\n<p>&nbsp;<\/p>\n<h2><b>Vantagens e limita\u00e7\u00f5es do regime simplificado<\/b><\/h2>\n<p><span style=\"font-weight: 400;\">Por outro lado, a perman\u00eancia no <\/span><b>regime simplificado<\/b><span style=\"font-weight: 400;\"> mant\u00e9m a <\/span><b>facilidade operacional<\/b><span style=\"font-weight: 400;\">, mas sem a gera\u00e7\u00e3o desses cr\u00e9ditos, o que tamb\u00e9m pode influenciar a posi\u00e7\u00e3o competitiva no mercado.<\/span><\/p>\n<p><span style=\"font-weight: 400;\">Mesmo com esse potencial impacto, a aus\u00eancia de defini\u00e7\u00f5es impede qualquer avalia\u00e7\u00e3o mais aprofundada. \u201cEssa \u00e9 uma decis\u00e3o que depende de v\u00e1rios fatores, como <\/span><b>perfil de cliente<\/b><span style=\"font-weight: 400;\">, <\/span><b>cadeia de fornecedores<\/b><span style=\"font-weight: 400;\"> e <\/span><b>margem<\/b><span style=\"font-weight: 400;\">. O problema \u00e9 que, neste momento, n\u00e3o \u00e9 poss\u00edvel fechar essa conta com seguran\u00e7a\u201d, afirma o especialista.<\/span><\/p>\n<p>&nbsp;<\/p>\n<h2><b>Empresas B2B e B2C: impactos diferentes na nova regra<\/b><\/h2>\n<p><span style=\"font-weight: 400;\">A preocupa\u00e7\u00e3o j\u00e1 \u00e9 percept\u00edvel, especialmente entre empresas que atuam no modelo <\/span><b>B2B<\/b><span style=\"font-weight: 400;\">, onde a gera\u00e7\u00e3o de cr\u00e9dito pode se tornar um fator relevante na rela\u00e7\u00e3o comercial. Empresas voltadas ao <\/span><b>consumidor final (B2C)<\/b><span style=\"font-weight: 400;\"> tendem a ter uma din\u00e2mica diferente, mas tamb\u00e9m podem ser impactadas indiretamente por mudan\u00e7as nos custos ao longo da cadeia.<\/span><\/p>\n<p><span style=\"font-weight: 400;\">\u201cO empres\u00e1rio est\u00e1 diante de uma decis\u00e3o estrat\u00e9gica que pode afetar diretamente sua competitividade, mas ainda n\u00e3o tem todas as informa\u00e7\u00f5es necess\u00e1rias. Isso gera um ambiente de cautela e espera\u201d, ressalta Mota.<\/span><\/p>\n<p>&nbsp;<\/p>\n<h2><b>Prazo de ades\u00e3o ao Simples Nacional 2027 aumenta urg\u00eancia<\/b><\/h2>\n<p><span style=\"font-weight: 400;\">O prazo definido, por sua vez, contribui para aumentar a sensa\u00e7\u00e3o de urg\u00eancia. A decis\u00e3o dever\u00e1 ser formalizada at\u00e9 <\/span><b>30 de setembro de 2026<\/b><span style=\"font-weight: 400;\">, com possibilidade de desist\u00eancia at\u00e9 novembro, o que significa que escolhas com impacto em todo o ano de <\/span><b>2027<\/b><span style=\"font-weight: 400;\"> precisar\u00e3o ser tomadas com anteced\u00eancia, mesmo que as regras completas s\u00f3 sejam conhecidas mais pr\u00f3ximas do limite.<\/span><\/p>\n<p>&nbsp;<\/p>\n<h2><b>Novas empresas e planejamento tribut\u00e1rio inicial<\/b><\/h2>\n<p><span style=\"font-weight: 400;\">Para empresas que iniciarem suas atividades entre <\/span><b>outubro e dezembro de 2026<\/b><span style=\"font-weight: 400;\">, a defini\u00e7\u00e3o ocorrer\u00e1 j\u00e1 no momento da inscri\u00e7\u00e3o no <\/span><b>CNPJ<\/b><span style=\"font-weight: 400;\">, o que eleva ainda mais o n\u00edvel de aten\u00e7\u00e3o necess\u00e1rio no <\/span><b>planejamento tribut\u00e1rio<\/b><span style=\"font-weight: 400;\"> inicial. O <\/span><b>Microempreendedor Individual (MEI)<\/b><span style=\"font-weight: 400;\"> permanece fora dessas mudan\u00e7as e n\u00e3o ser\u00e1 afetado pelas novas regras.<\/span><\/p>\n<p>&nbsp;<\/p>\n<h2><b>O momento \u00e9 de prepara\u00e7\u00e3o e acompanhamento<\/b><\/h2>\n<p><span style=\"font-weight: 400;\">Na pr\u00e1tica, o cen\u00e1rio atual \u00e9 de <\/span><b>prepara\u00e7\u00e3o sem execu\u00e7\u00e3o<\/b><span style=\"font-weight: 400;\">. As empresas come\u00e7am a organizar informa\u00e7\u00f5es, revisar estruturas e buscar apoio t\u00e9cnico, mas ainda dependem das defini\u00e7\u00f5es oficiais para avan\u00e7ar em qualquer tomada de decis\u00e3o.<\/span><\/p>\n<p><span style=\"font-weight: 400;\">\u201cA recomenda\u00e7\u00e3o neste momento \u00e9 acompanhar de perto as regulamenta\u00e7\u00f5es e estar preparado para agir rapidamente quando houver clareza. Por enquanto, n\u00e3o h\u00e1 decis\u00e3o a ser tomada, apenas prepara\u00e7\u00e3o\u201d, conclui Mota.<\/span><\/p>\n","protected":false},"excerpt":{"rendered":"<p>Simples Nacional 2027: mudan\u00e7a no prazo exige decis\u00e3o antecipada. Entenda regras, impactos e como se preparar com seguran\u00e7a.<\/p>\n","protected":false},"author":23,"featured_media":29045,"comment_status":"closed","ping_status":"closed","sticky":false,"template":"","format":"standard","meta":{"om_disable_all_campaigns":false,"_monsterinsights_skip_tracking":false,"_monsterinsights_sitenote_active":false,"_monsterinsights_sitenote_note":"","_monsterinsights_sitenote_category":0,"_uf_show_specific_survey":0,"_uf_disable_surveys":false,"footnotes":""},"categories":[34],"tags":[],"class_list":["post-29605","post","type-post","status-publish","format-standard","has-post-thumbnail","hentry","category-imprensa"],"yoast_head":"<!-- This site is optimized with the Yoast SEO plugin v27.5 - https:\/\/yoast.com\/product\/yoast-seo-wordpress\/ -->\n<title>Simples Nacional 2027: mudan\u00e7a no prazo exige decis\u00e3o antecipada - CONFIRP<\/title>\n<meta name=\"description\" content=\"Simples Nacional 2027: mudan\u00e7a no prazo exige decis\u00e3o antecipada. Entenda regras, impactos e como se preparar com seguran\u00e7a.\" \/>\n<meta name=\"robots\" content=\"index, follow, max-snippet:-1, max-image-preview:large, max-video-preview:-1\" \/>\n<link rel=\"canonical\" href=\"https:\/\/confirp.com.br\/es\/simples-nacional-2027-mudanca-prazo-decisao-antecipada\/\" \/>\n<meta property=\"og:locale\" content=\"es_ES\" \/>\n<meta property=\"og:type\" content=\"article\" \/>\n<meta property=\"og:title\" content=\"Simples Nacional 2027: mudan\u00e7a no prazo exige decis\u00e3o antecipada - CONFIRP\" \/>\n<meta property=\"og:description\" content=\"Simples Nacional 2027: mudan\u00e7a no prazo exige decis\u00e3o antecipada. Entenda regras, impactos e como se preparar com seguran\u00e7a.\" \/>\n<meta property=\"og:url\" content=\"https:\/\/confirp.com.br\/es\/simples-nacional-2027-mudanca-prazo-decisao-antecipada\/\" \/>\n<meta property=\"og:site_name\" content=\"CONFIRP\" \/>\n<meta property=\"article:published_time\" content=\"2026-04-30T13:43:18+00:00\" \/>\n<meta property=\"article:modified_time\" content=\"2026-04-30T14:05:02+00:00\" \/>\n<meta property=\"og:image\" content=\"https:\/\/confirp.com.br\/wp-content\/uploads\/2026\/03\/ac72f62b66a7b671182d1719da8dc776_XL.jpg\" \/>\n\t<meta property=\"og:image:width\" content=\"1220\" \/>\n\t<meta property=\"og:image:height\" content=\"1299\" \/>\n\t<meta property=\"og:image:type\" content=\"image\/jpeg\" \/>\n<meta name=\"author\" content=\"Confirp\" \/>\n<meta name=\"twitter:card\" content=\"summary_large_image\" \/>\n<meta name=\"twitter:label1\" content=\"Escrito por\" \/>\n\t<meta name=\"twitter:data1\" content=\"Confirp\" \/>\n\t<meta name=\"twitter:label2\" content=\"Tiempo de lectura\" \/>\n\t<meta name=\"twitter:data2\" content=\"5 minutos\" \/>\n<script type=\"application\/ld+json\" class=\"yoast-schema-graph\">{\"@context\":\"https:\\\/\\\/schema.org\",\"@graph\":[{\"@type\":\"Article\",\"@id\":\"https:\\\/\\\/confirp.com.br\\\/es\\\/simples-nacional-2027-mudanca-prazo-decisao-antecipada\\\/#article\",\"isPartOf\":{\"@id\":\"https:\\\/\\\/confirp.com.br\\\/es\\\/simples-nacional-2027-mudanca-prazo-decisao-antecipada\\\/\"},\"author\":{\"name\":\"Confirp\",\"@id\":\"https:\\\/\\\/confirp.com.br\\\/es\\\/#\\\/schema\\\/person\\\/0b813b8b6b0885df635186847eda21da\"},\"headline\":\"Simples Nacional 2027: mudan\u00e7a no prazo exige decis\u00e3o antecipada\",\"datePublished\":\"2026-04-30T13:43:18+00:00\",\"dateModified\":\"2026-04-30T14:05:02+00:00\",\"mainEntityOfPage\":{\"@id\":\"https:\\\/\\\/confirp.com.br\\\/es\\\/simples-nacional-2027-mudanca-prazo-decisao-antecipada\\\/\"},\"wordCount\":934,\"publisher\":{\"@id\":\"https:\\\/\\\/confirp.com.br\\\/es\\\/#organization\"},\"image\":{\"@id\":\"https:\\\/\\\/confirp.com.br\\\/es\\\/simples-nacional-2027-mudanca-prazo-decisao-antecipada\\\/#primaryimage\"},\"thumbnailUrl\":\"https:\\\/\\\/confirp.com.br\\\/wp-content\\\/uploads\\\/2026\\\/03\\\/ac72f62b66a7b671182d1719da8dc776_XL.jpg\",\"articleSection\":[\"imprensa\"],\"inLanguage\":\"es\"},{\"@type\":\"WebPage\",\"@id\":\"https:\\\/\\\/confirp.com.br\\\/es\\\/simples-nacional-2027-mudanca-prazo-decisao-antecipada\\\/\",\"url\":\"https:\\\/\\\/confirp.com.br\\\/es\\\/simples-nacional-2027-mudanca-prazo-decisao-antecipada\\\/\",\"name\":\"Simples Nacional 2027: mudan\u00e7a no prazo exige decis\u00e3o antecipada - CONFIRP\",\"isPartOf\":{\"@id\":\"https:\\\/\\\/confirp.com.br\\\/es\\\/#website\"},\"primaryImageOfPage\":{\"@id\":\"https:\\\/\\\/confirp.com.br\\\/es\\\/simples-nacional-2027-mudanca-prazo-decisao-antecipada\\\/#primaryimage\"},\"image\":{\"@id\":\"https:\\\/\\\/confirp.com.br\\\/es\\\/simples-nacional-2027-mudanca-prazo-decisao-antecipada\\\/#primaryimage\"},\"thumbnailUrl\":\"https:\\\/\\\/confirp.com.br\\\/wp-content\\\/uploads\\\/2026\\\/03\\\/ac72f62b66a7b671182d1719da8dc776_XL.jpg\",\"datePublished\":\"2026-04-30T13:43:18+00:00\",\"dateModified\":\"2026-04-30T14:05:02+00:00\",\"description\":\"Simples Nacional 2027: mudan\u00e7a no prazo exige decis\u00e3o antecipada. Entenda regras, impactos e como se preparar com seguran\u00e7a.\",\"breadcrumb\":{\"@id\":\"https:\\\/\\\/confirp.com.br\\\/es\\\/simples-nacional-2027-mudanca-prazo-decisao-antecipada\\\/#breadcrumb\"},\"inLanguage\":\"es\",\"potentialAction\":[{\"@type\":\"ReadAction\",\"target\":[\"https:\\\/\\\/confirp.com.br\\\/es\\\/simples-nacional-2027-mudanca-prazo-decisao-antecipada\\\/\"]}]},{\"@type\":\"ImageObject\",\"inLanguage\":\"es\",\"@id\":\"https:\\\/\\\/confirp.com.br\\\/es\\\/simples-nacional-2027-mudanca-prazo-decisao-antecipada\\\/#primaryimage\",\"url\":\"https:\\\/\\\/confirp.com.br\\\/wp-content\\\/uploads\\\/2026\\\/03\\\/ac72f62b66a7b671182d1719da8dc776_XL.jpg\",\"contentUrl\":\"https:\\\/\\\/confirp.com.br\\\/wp-content\\\/uploads\\\/2026\\\/03\\\/ac72f62b66a7b671182d1719da8dc776_XL.jpg\",\"width\":1220,\"height\":1299,\"caption\":\"acfbabddadc XL\"},{\"@type\":\"BreadcrumbList\",\"@id\":\"https:\\\/\\\/confirp.com.br\\\/es\\\/simples-nacional-2027-mudanca-prazo-decisao-antecipada\\\/#breadcrumb\",\"itemListElement\":[{\"@type\":\"ListItem\",\"position\":1,\"name\":\"Home\",\"item\":\"https:\\\/\\\/confirp.com.br\\\/es\\\/inicio\\\/\"},{\"@type\":\"ListItem\",\"position\":2,\"name\":\"imprensa\",\"item\":\"https:\\\/\\\/confirp.com.br\\\/es\\\/category\\\/imprensa\\\/\"},{\"@type\":\"ListItem\",\"position\":3,\"name\":\"Simples Nacional 2027: mudan\u00e7a no prazo exige decis\u00e3o antecipada\"}]},{\"@type\":\"WebSite\",\"@id\":\"https:\\\/\\\/confirp.com.br\\\/es\\\/#website\",\"url\":\"https:\\\/\\\/confirp.com.br\\\/es\\\/\",\"name\":\"CONFIRP\",\"description\":\"\",\"publisher\":{\"@id\":\"https:\\\/\\\/confirp.com.br\\\/es\\\/#organization\"},\"potentialAction\":[{\"@type\":\"SearchAction\",\"target\":{\"@type\":\"EntryPoint\",\"urlTemplate\":\"https:\\\/\\\/confirp.com.br\\\/es\\\/?s={search_term_string}\"},\"query-input\":{\"@type\":\"PropertyValueSpecification\",\"valueRequired\":true,\"valueName\":\"search_term_string\"}}],\"inLanguage\":\"es\"},{\"@type\":\"Organization\",\"@id\":\"https:\\\/\\\/confirp.com.br\\\/es\\\/#organization\",\"name\":\"CONFIRP\",\"url\":\"https:\\\/\\\/confirp.com.br\\\/es\\\/\",\"logo\":{\"@type\":\"ImageObject\",\"inLanguage\":\"es\",\"@id\":\"https:\\\/\\\/confirp.com.br\\\/es\\\/#\\\/schema\\\/logo\\\/image\\\/\",\"url\":\"https:\\\/\\\/confirp.com.br\\\/wp-content\\\/uploads\\\/2018\\\/09\\\/logo-confirp.svg\",\"contentUrl\":\"https:\\\/\\\/confirp.com.br\\\/wp-content\\\/uploads\\\/2018\\\/09\\\/logo-confirp.svg\",\"width\":176,\"height\":40,\"caption\":\"CONFIRP\"},\"image\":{\"@id\":\"https:\\\/\\\/confirp.com.br\\\/es\\\/#\\\/schema\\\/logo\\\/image\\\/\"}},{\"@type\":\"Person\",\"@id\":\"https:\\\/\\\/confirp.com.br\\\/es\\\/#\\\/schema\\\/person\\\/0b813b8b6b0885df635186847eda21da\",\"name\":\"Confirp\",\"url\":\"https:\\\/\\\/confirp.com.br\\\/es\\\/author\\\/confirp\\\/\"}]}<\/script>\n<!-- \/ Yoast SEO plugin. -->","yoast_head_json":{"title":"Simples Nacional 2027: mudan\u00e7a no prazo exige decis\u00e3o antecipada - CONFIRP","description":"Simples Nacional 2027: mudan\u00e7a no prazo exige decis\u00e3o antecipada. Entenda regras, impactos e como se preparar com seguran\u00e7a.","robots":{"index":"index","follow":"follow","max-snippet":"max-snippet:-1","max-image-preview":"max-image-preview:large","max-video-preview":"max-video-preview:-1"},"canonical":"https:\/\/confirp.com.br\/es\/simples-nacional-2027-mudanca-prazo-decisao-antecipada\/","og_locale":"es_ES","og_type":"article","og_title":"Simples Nacional 2027: mudan\u00e7a no prazo exige decis\u00e3o antecipada - CONFIRP","og_description":"Simples Nacional 2027: mudan\u00e7a no prazo exige decis\u00e3o antecipada. Entenda regras, impactos e como se preparar com seguran\u00e7a.","og_url":"https:\/\/confirp.com.br\/es\/simples-nacional-2027-mudanca-prazo-decisao-antecipada\/","og_site_name":"CONFIRP","article_published_time":"2026-04-30T13:43:18+00:00","article_modified_time":"2026-04-30T14:05:02+00:00","og_image":[{"width":1220,"height":1299,"url":"https:\/\/confirp.com.br\/wp-content\/uploads\/2026\/03\/ac72f62b66a7b671182d1719da8dc776_XL.jpg","type":"image\/jpeg"}],"author":"Confirp","twitter_card":"summary_large_image","twitter_misc":{"Escrito por":"Confirp","Tiempo de lectura":"5 minutos"},"schema":{"@context":"https:\/\/schema.org","@graph":[{"@type":"Article","@id":"https:\/\/confirp.com.br\/es\/simples-nacional-2027-mudanca-prazo-decisao-antecipada\/#article","isPartOf":{"@id":"https:\/\/confirp.com.br\/es\/simples-nacional-2027-mudanca-prazo-decisao-antecipada\/"},"author":{"name":"Confirp","@id":"https:\/\/confirp.com.br\/es\/#\/schema\/person\/0b813b8b6b0885df635186847eda21da"},"headline":"Simples Nacional 2027: mudan\u00e7a no prazo exige decis\u00e3o antecipada","datePublished":"2026-04-30T13:43:18+00:00","dateModified":"2026-04-30T14:05:02+00:00","mainEntityOfPage":{"@id":"https:\/\/confirp.com.br\/es\/simples-nacional-2027-mudanca-prazo-decisao-antecipada\/"},"wordCount":934,"publisher":{"@id":"https:\/\/confirp.com.br\/es\/#organization"},"image":{"@id":"https:\/\/confirp.com.br\/es\/simples-nacional-2027-mudanca-prazo-decisao-antecipada\/#primaryimage"},"thumbnailUrl":"https:\/\/confirp.com.br\/wp-content\/uploads\/2026\/03\/ac72f62b66a7b671182d1719da8dc776_XL.jpg","articleSection":["imprensa"],"inLanguage":"es"},{"@type":"WebPage","@id":"https:\/\/confirp.com.br\/es\/simples-nacional-2027-mudanca-prazo-decisao-antecipada\/","url":"https:\/\/confirp.com.br\/es\/simples-nacional-2027-mudanca-prazo-decisao-antecipada\/","name":"Simples Nacional 2027: mudan\u00e7a no prazo exige decis\u00e3o antecipada - CONFIRP","isPartOf":{"@id":"https:\/\/confirp.com.br\/es\/#website"},"primaryImageOfPage":{"@id":"https:\/\/confirp.com.br\/es\/simples-nacional-2027-mudanca-prazo-decisao-antecipada\/#primaryimage"},"image":{"@id":"https:\/\/confirp.com.br\/es\/simples-nacional-2027-mudanca-prazo-decisao-antecipada\/#primaryimage"},"thumbnailUrl":"https:\/\/confirp.com.br\/wp-content\/uploads\/2026\/03\/ac72f62b66a7b671182d1719da8dc776_XL.jpg","datePublished":"2026-04-30T13:43:18+00:00","dateModified":"2026-04-30T14:05:02+00:00","description":"Simples Nacional 2027: mudan\u00e7a no prazo exige decis\u00e3o antecipada. Entenda regras, impactos e como se preparar com seguran\u00e7a.","breadcrumb":{"@id":"https:\/\/confirp.com.br\/es\/simples-nacional-2027-mudanca-prazo-decisao-antecipada\/#breadcrumb"},"inLanguage":"es","potentialAction":[{"@type":"ReadAction","target":["https:\/\/confirp.com.br\/es\/simples-nacional-2027-mudanca-prazo-decisao-antecipada\/"]}]},{"@type":"ImageObject","inLanguage":"es","@id":"https:\/\/confirp.com.br\/es\/simples-nacional-2027-mudanca-prazo-decisao-antecipada\/#primaryimage","url":"https:\/\/confirp.com.br\/wp-content\/uploads\/2026\/03\/ac72f62b66a7b671182d1719da8dc776_XL.jpg","contentUrl":"https:\/\/confirp.com.br\/wp-content\/uploads\/2026\/03\/ac72f62b66a7b671182d1719da8dc776_XL.jpg","width":1220,"height":1299,"caption":"acfbabddadc XL"},{"@type":"BreadcrumbList","@id":"https:\/\/confirp.com.br\/es\/simples-nacional-2027-mudanca-prazo-decisao-antecipada\/#breadcrumb","itemListElement":[{"@type":"ListItem","position":1,"name":"Home","item":"https:\/\/confirp.com.br\/es\/inicio\/"},{"@type":"ListItem","position":2,"name":"imprensa","item":"https:\/\/confirp.com.br\/es\/category\/imprensa\/"},{"@type":"ListItem","position":3,"name":"Simples Nacional 2027: mudan\u00e7a no prazo exige decis\u00e3o antecipada"}]},{"@type":"WebSite","@id":"https:\/\/confirp.com.br\/es\/#website","url":"https:\/\/confirp.com.br\/es\/","name":"CONFIRP","description":"","publisher":{"@id":"https:\/\/confirp.com.br\/es\/#organization"},"potentialAction":[{"@type":"SearchAction","target":{"@type":"EntryPoint","urlTemplate":"https:\/\/confirp.com.br\/es\/?s={search_term_string}"},"query-input":{"@type":"PropertyValueSpecification","valueRequired":true,"valueName":"search_term_string"}}],"inLanguage":"es"},{"@type":"Organization","@id":"https:\/\/confirp.com.br\/es\/#organization","name":"CONFIRP","url":"https:\/\/confirp.com.br\/es\/","logo":{"@type":"ImageObject","inLanguage":"es","@id":"https:\/\/confirp.com.br\/es\/#\/schema\/logo\/image\/","url":"https:\/\/confirp.com.br\/wp-content\/uploads\/2018\/09\/logo-confirp.svg","contentUrl":"https:\/\/confirp.com.br\/wp-content\/uploads\/2018\/09\/logo-confirp.svg","width":176,"height":40,"caption":"CONFIRP"},"image":{"@id":"https:\/\/confirp.com.br\/es\/#\/schema\/logo\/image\/"}},{"@type":"Person","@id":"https:\/\/confirp.com.br\/es\/#\/schema\/person\/0b813b8b6b0885df635186847eda21da","name":"Confirp","url":"https:\/\/confirp.com.br\/es\/author\/confirp\/"}]}},"_links":{"self":[{"href":"https:\/\/confirp.com.br\/es\/wp-json\/wp\/v2\/posts\/29605","targetHints":{"allow":["GET"]}}],"collection":[{"href":"https:\/\/confirp.com.br\/es\/wp-json\/wp\/v2\/posts"}],"about":[{"href":"https:\/\/confirp.com.br\/es\/wp-json\/wp\/v2\/types\/post"}],"author":[{"embeddable":true,"href":"https:\/\/confirp.com.br\/es\/wp-json\/wp\/v2\/users\/23"}],"replies":[{"embeddable":true,"href":"https:\/\/confirp.com.br\/es\/wp-json\/wp\/v2\/comments?post=29605"}],"version-history":[{"count":0,"href":"https:\/\/confirp.com.br\/es\/wp-json\/wp\/v2\/posts\/29605\/revisions"}],"wp:featuredmedia":[{"embeddable":true,"href":"https:\/\/confirp.com.br\/es\/wp-json\/wp\/v2\/media\/29045"}],"wp:attachment":[{"href":"https:\/\/confirp.com.br\/es\/wp-json\/wp\/v2\/media?parent=29605"}],"wp:term":[{"taxonomy":"category","embeddable":true,"href":"https:\/\/confirp.com.br\/es\/wp-json\/wp\/v2\/categories?post=29605"},{"taxonomy":"post_tag","embeddable":true,"href":"https:\/\/confirp.com.br\/es\/wp-json\/wp\/v2\/tags?post=29605"}],"curies":[{"name":"wp","href":"https:\/\/api.w.org\/{rel}","templated":true}]}}