{"id":21943,"date":"2026-08-21T13:43:49","date_gmt":"2026-08-21T16:43:49","guid":{"rendered":"https:\/\/confirp.com.br\/?p=21943"},"modified":"2026-08-21T13:44:44","modified_gmt":"2026-08-21T16:44:44","slug":"quem-paga-o-salario-minimo-estadual-entenda-sua-aplicacao","status":"publish","type":"post","link":"https:\/\/confirp.com.br\/es\/quem-paga-o-salario-minimo-estadual-entenda-sua-aplicacao\/","title":{"rendered":"Quem paga o sal\u00e1rio m\u00ednimo estadual: entenda sua aplica\u00e7\u00e3o"},"content":{"rendered":"<p><span style=\"font-weight: 400;\">O <\/span><b>sal\u00e1rio m\u00ednimo estadual<\/b><span style=\"font-weight: 400;\">, tamb\u00e9m chamado de <\/span><b>piso salarial estadual<\/b><span style=\"font-weight: 400;\"> ou <\/span><b>sal\u00e1rio m\u00ednimo regional<\/b><span style=\"font-weight: 400;\">, \u00e9 o valor m\u00ednimo de remunera\u00e7\u00e3o fixado por lei em determinados estados brasileiros, aplic\u00e1vel a categorias de trabalhadores que n\u00e3o possuem piso definido em <\/span><b>conven\u00e7\u00e3o coletiva<\/b><span style=\"font-weight: 400;\">, <\/span><b>acordo coletivo<\/b><span style=\"font-weight: 400;\"> ou <\/span><b>lei federal espec\u00edfica<\/b><span style=\"font-weight: 400;\">.\u00a0<\/span><\/p>\n<p><span style=\"font-weight: 400;\">Ele existe para garantir uma remunera\u00e7\u00e3o mais justa a profiss\u00f5es que, historicamente, ficam fora da negocia\u00e7\u00e3o sindical, como <\/span><b>empregados dom\u00e9sticos<\/b><span style=\"font-weight: 400;\">, <\/span><b>serventes<\/b><span style=\"font-weight: 400;\">, <\/span><b>motoboys<\/b><span style=\"font-weight: 400;\"> e <\/span><b>auxiliares de servi\u00e7os gerais<\/b><span style=\"font-weight: 400;\">.<\/span><\/p>\n<p><span style=\"font-weight: 400;\">Diferente do <\/span><b>sal\u00e1rio m\u00ednimo nacional<\/b><span style=\"font-weight: 400;\">, que vale igualmente em todo o territ\u00f3rio brasileiro, o piso estadual s\u00f3 existe em alguns estados e costuma ter valor <\/span><b>superior<\/b><span style=\"font-weight: 400;\"> ao m\u00ednimo federal. Entender como ele funciona \u00e9 essencial tanto para o <\/span><b>trabalhador<\/b><span style=\"font-weight: 400;\">, que precisa saber qual valor tem direito a receber, quanto para o <\/span><b>empregador<\/b><span style=\"font-weight: 400;\">, que responde por eventuais diferen\u00e7as salariais n\u00e3o pagas.<\/span><\/p>\n<p><span style=\"font-weight: 400;\">Neste guia, a <\/span><b>Confirp Contabilidade<\/b><span style=\"font-weight: 400;\">, com mais de <\/span><b>40 anos de atua\u00e7\u00e3o<\/b><span style=\"font-weight: 400;\"> em contabilidade, consultoria tribut\u00e1ria e acompanhamento da legisla\u00e7\u00e3o trabalhista, re\u00fane tudo o que voc\u00ea precisa saber sobre o sal\u00e1rio m\u00ednimo estadual: sua base legal, os estados que o adotam, os valores atualizados, as regras de aplica\u00e7\u00e3o e as consequ\u00eancias para quem descumpre a norma.<\/span><\/p>\n<p>&nbsp;<\/p>\n<h2><b>O que \u00e9 o sal\u00e1rio m\u00ednimo estadual?<\/b><\/h2>\n<p>&nbsp;<\/p>\n<p><span style=\"font-weight: 400;\">O sal\u00e1rio m\u00ednimo estadual \u00e9 um <\/span><b>piso salarial regional<\/b><span style=\"font-weight: 400;\">, institu\u00eddo por lei estadual, que fixa uma remunera\u00e7\u00e3o m\u00ednima superior ao sal\u00e1rio m\u00ednimo nacional para trabalhadores de determinadas categorias profissionais dentro daquele estado. Ele n\u00e3o substitui o sal\u00e1rio m\u00ednimo nacional em todo o pa\u00eds, apenas o <\/span><b>complementa<\/b><span style=\"font-weight: 400;\"> nos estados que optaram por cri\u00e1-lo.<\/span><\/p>\n<p><span style=\"font-weight: 400;\">Na pr\u00e1tica, o piso estadual funciona como uma camada intermedi\u00e1ria entre o <\/span><b>m\u00ednimo federal<\/b><span style=\"font-weight: 400;\"> e o <\/span><b>piso de categoria<\/b><span style=\"font-weight: 400;\"> definido por sindicato. Ele s\u00f3 se aplica quando n\u00e3o existe, para aquela fun\u00e7\u00e3o, um valor m\u00ednimo j\u00e1 garantido por <\/span><b>conven\u00e7\u00e3o coletiva de trabalho (CCT)<\/b><span style=\"font-weight: 400;\">, <\/span><b>acordo coletivo de trabalho (ACT)<\/b><span style=\"font-weight: 400;\"> ou lei federal espec\u00edfica de piso profissional.<\/span><\/p>\n<p>&nbsp;<\/p>\n<h3><b>Qual a diferen\u00e7a entre sal\u00e1rio m\u00ednimo nacional e piso salarial estadual?<\/b><\/h3>\n<p>&nbsp;<\/p>\n<p><span style=\"font-weight: 400;\">O <\/span><b>sal\u00e1rio m\u00ednimo nacional<\/b><span style=\"font-weight: 400;\"> \u00e9 fixado anualmente pelo governo federal e vale como refer\u00eancia m\u00ednima para todo trabalhador brasileiro, independentemente do estado onde atua. Em 2026, esse valor \u00e9 de <\/span><b>R$ 1.621,00<\/b><span style=\"font-weight: 400;\">, conforme o Decreto n\u00ba 12.797\/2025, com vig\u00eancia desde 1\u00ba de janeiro de 2026, resultado de um reajuste de 6,79% sobre o valor de 2025.<\/span><\/p>\n<p><span style=\"font-weight: 400;\">J\u00e1 o <\/span><b>piso salarial estadual<\/b><span style=\"font-weight: 400;\"> \u00e9 uma legisla\u00e7\u00e3o complementar, criada por alguns governos estaduais, que eleva esse patamar m\u00ednimo para categorias espec\u00edficas dentro do seu territ\u00f3rio.\u00a0<\/span><\/p>\n<p><span style=\"font-weight: 400;\">Ou seja, o piso estadual sempre parte do princ\u00edpio de que o valor pago deve ser <\/span><b>igual ou superior<\/b><span style=\"font-weight: 400;\"> ao m\u00ednimo nacional, nunca inferior. Quando um estado possui uma faixa de piso regional defasada e abaixo do valor federal, prevalece automaticamente o sal\u00e1rio m\u00ednimo nacional.<\/span><\/p>\n<p>&nbsp;<\/p>\n<h2><b>Quem tem direito ao sal\u00e1rio m\u00ednimo estadual?<\/b><\/h2>\n<p>&nbsp;<\/p>\n<p><span style=\"font-weight: 400;\">O piso salarial estadual se aplica exclusivamente aos <\/span><b>trabalhadores que n\u00e3o possuem representatividade sindical com piso pr\u00f3prio definido<\/b><span style=\"font-weight: 400;\">, isto \u00e9, categorias cujo sindicato n\u00e3o estabeleceu, em conven\u00e7\u00e3o ou acordo coletivo, um valor m\u00ednimo espec\u00edfico para a fun\u00e7\u00e3o. Isso costuma abranger profiss\u00f5es como:<\/span><\/p>\n<p>&nbsp;<\/p>\n<ul>\n<li style=\"font-weight: 400;\" aria-level=\"1\"><b>Empregados dom\u00e9sticos<\/b><span style=\"font-weight: 400;\">: bab\u00e1s, cuidadores, motoristas particulares, seguran\u00e7as, jardineiros, faxineiros e caseiros;<\/span><\/li>\n<li style=\"font-weight: 400;\" aria-level=\"1\"><b>Serventes de obra<\/b><span style=\"font-weight: 400;\">, auxiliares de servi\u00e7os gerais e trabalhadores de limpeza e conserva\u00e7\u00e3o;<\/span><\/li>\n<li style=\"font-weight: 400;\" aria-level=\"1\"><b>Motoboys<\/b><span style=\"font-weight: 400;\">, cont\u00ednuos, mensageiros e trabalhadores de movimenta\u00e7\u00e3o de mercadorias;<\/span><\/li>\n<li style=\"font-weight: 400;\" aria-level=\"1\"><b>Trabalhadores agropecu\u00e1rios e florestais<\/b><span style=\"font-weight: 400;\">, pescadores e cuidadores de idosos ou pessoas com defici\u00eancia;<\/span><\/li>\n<li style=\"font-weight: 400;\" aria-level=\"1\"><span style=\"font-weight: 400;\">Empregados n\u00e3o especializados do <\/span><b>com\u00e9rcio<\/b><span style=\"font-weight: 400;\">, da <\/span><b>ind\u00fastria<\/b><span style=\"font-weight: 400;\"> e de <\/span><b>servi\u00e7os administrativos<\/b><span style=\"font-weight: 400;\"> sem CCT pr\u00f3pria.<\/span><\/li>\n<\/ul>\n<p>&nbsp;<\/p>\n<p><span style=\"font-weight: 400;\">Para os trabalhadores que <\/span><b>possuem representa\u00e7\u00e3o sindical ativa<\/b><span style=\"font-weight: 400;\">, com piso definido em conven\u00e7\u00e3o ou acordo coletivo, esse valor negociado prevalece sempre que for mais vantajoso do que o piso estadual. \u00c9 essa a l\u00f3gica central da norma: o <\/span><b>maior valor<\/b><span style=\"font-weight: 400;\"> entre sal\u00e1rio m\u00ednimo nacional, piso regional e piso de categoria \u00e9 sempre o que deve ser pago.<\/span><\/p>\n<p>&nbsp;<\/p>\n<h3><b>Quais trabalhadores n\u00e3o s\u00e3o abrangidos pelo piso estadual?<\/b><\/h3>\n<p>&nbsp;<\/p>\n<p><span style=\"font-weight: 400;\">O sal\u00e1rio m\u00ednimo estadual <\/span><b>n\u00e3o se aplica<\/b><span style=\"font-weight: 400;\"> a <\/span><b>servidores p\u00fablicos municipais<\/b><span style=\"font-weight: 400;\">, cuja remunera\u00e7\u00e3o segue legisla\u00e7\u00e3o pr\u00f3pria de cada munic\u00edpio, nem a categorias que j\u00e1 possuem piso salarial fixado por <\/span><b>conven\u00e7\u00e3o coletiva de trabalho<\/b><span style=\"font-weight: 400;\"> superior ao valor estadual.\u00a0<\/span><\/p>\n<p><span style=\"font-weight: 400;\">Tamb\u00e9m n\u00e3o se aplica a servidores estaduais e federais regidos por estatuto pr\u00f3prio, salvo quando a legisla\u00e7\u00e3o do estado expressamente estender o benef\u00edcio a eles, como ocorreu em reajustes recentes de alguns estados que vincularam parte da remunera\u00e7\u00e3o de servidores ativos e aposentados ao \u00edndice do piso regional.<\/span><\/p>\n<p>&nbsp;<\/p>\n<h2><b>Qual a base legal do sal\u00e1rio m\u00ednimo estadual?<\/b><\/h2>\n<p>&nbsp;<\/p>\n<p><span style=\"font-weight: 400;\">A possibilidade de os estados institu\u00edrem um piso salarial pr\u00f3prio est\u00e1 prevista no <\/span><b>artigo 1\u00ba da Lei Complementar Federal n\u00ba 103, de 14 de julho de 2000<\/b><span style=\"font-weight: 400;\">. Essa lei autoriza estados e o Distrito Federal a fixar pisos salariais para empregados que n\u00e3o tenham piso definido em lei federal, conven\u00e7\u00e3o coletiva ou acordo coletivo de trabalho. A mesma Lei Complementar determina, de forma expressa, que o sal\u00e1rio m\u00ednimo estadual <\/span><b>n\u00e3o se aplica \u00e0 remunera\u00e7\u00e3o de servidores p\u00fablicos municipais<\/b><span style=\"font-weight: 400;\">.<\/span><\/p>\n<p><span style=\"font-weight: 400;\">Cada estado que adota o piso regional publica sua pr\u00f3pria lei estadual, normalmente reajustada uma vez por ano, considerando fatores como <\/span><b>infla\u00e7\u00e3o (INPC)<\/b><span style=\"font-weight: 400;\">, o comportamento do <\/span><b>PIB estadual<\/b><span style=\"font-weight: 400;\"> e negocia\u00e7\u00f5es pol\u00edticas entre governo, empres\u00e1rios e centrais sindicais. \u00c9 por isso que os valores, os crit\u00e9rios de reajuste e at\u00e9 o n\u00famero de faixas variam bastante de um estado para outro.<\/span><\/p>\n<p>&nbsp;<\/p>\n<h2><b>Quais estados brasileiros t\u00eam piso salarial estadual em 2026?<\/b><\/h2>\n<p><span style=\"font-weight: 400;\">Atualmente, <\/span><b>cinco estados<\/b><span style=\"font-weight: 400;\"> mant\u00eam legisla\u00e7\u00e3o pr\u00f3pria de sal\u00e1rio m\u00ednimo regional: <\/span><b>S\u00e3o Paulo<\/b><span style=\"font-weight: 400;\">, <\/span><b>Paran\u00e1<\/b><span style=\"font-weight: 400;\">, <\/span><b>Rio Grande do Sul<\/b><span style=\"font-weight: 400;\">, <\/span><b>Santa Catarina<\/b><span style=\"font-weight: 400;\"> e <\/span><b>Rio de Janeiro<\/b><span style=\"font-weight: 400;\">. Todos os demais estados e o Distrito Federal seguem integralmente o valor do sal\u00e1rio m\u00ednimo nacional, sem piso adicional.<\/span><\/p>\n<h3><b>S\u00e3o Paulo<\/b><\/h3>\n<p><span style=\"font-weight: 400;\">O <\/span><b>piso salarial paulista<\/b><span style=\"font-weight: 400;\"> \u00e9, historicamente, um dos mais conhecidos do pa\u00eds. Desde junho de 2026, com a <\/span><b>Lei n\u00ba 18.471\/2026<\/b><span style=\"font-weight: 400;\">, sancionada pelo governador Tarc\u00edsio de Freitas, o valor passou de R$ 1.804,00 para <\/span><b>R$ 1.874,36<\/b><span style=\"font-weight: 400;\">, um reajuste de aproximadamente 3,9%.\u00a0<\/span><\/p>\n<p><span style=\"font-weight: 400;\">Diferente de outros estados, S\u00e3o Paulo adota um <\/span><b>valor \u00fanico<\/b><span style=\"font-weight: 400;\">, sem divis\u00e3o em faixas por categoria, aplic\u00e1vel a cerca de 70 categorias profissionais sem piso pr\u00f3prio, incluindo trabalhadores dom\u00e9sticos, cuidadores, motoboys, gar\u00e7ons e operadores de telemarketing. O reajuste costuma ser proposto pelo Executivo estadual \u00e0 Assembleia Legislativa (Alesp) no primeiro semestre de cada ano.<\/span><\/p>\n<h3><b>Paran\u00e1<\/b><\/h3>\n<p><span style=\"font-weight: 400;\">O Paran\u00e1 possui, atualmente, o <\/span><b>maior piso regional do pa\u00eds<\/b><span style=\"font-weight: 400;\">. A legisla\u00e7\u00e3o estadual divide os trabalhadores em quatro grupos, com valores que v\u00e3o de <\/span><b>R$ 2.105,34<\/b><span style=\"font-weight: 400;\"> (grupo agropecu\u00e1rio) a <\/span><b>R$ 2.407,90<\/b><span style=\"font-weight: 400;\"> (t\u00e9cnicos de n\u00edvel m\u00e9dio), conforme regulamenta\u00e7\u00e3o vigente em 2026. O estado costuma reajustar o piso no in\u00edcio de cada ano, com efeitos retroativos a 1\u00ba de janeiro.<\/span><\/p>\n<h3><b>Rio Grande do Sul<\/b><\/h3>\n<p><span style=\"font-weight: 400;\">O piso regional ga\u00facho \u00e9 dividido em <\/span><b>cinco faixas<\/b><span style=\"font-weight: 400;\">, que variam conforme a complexidade da fun\u00e7\u00e3o. Em 2026, ap\u00f3s reajuste de 5,35% com data-base em 1\u00ba de maio, os valores passaram a ser: Faixa 1, R$ 1.884,75; Faixa 2, R$ 1.928,15; Faixa 3, R$ 1.971,89; Faixa 4, R$ 2.049,76; e Faixa 5, R$ 2.388,50. Os empregados dom\u00e9sticos est\u00e3o enquadrados na Faixa 1.<\/span><\/p>\n<h3><b>Santa Catarina<\/b><\/h3>\n<p><span style=\"font-weight: 400;\">Santa Catarina tamb\u00e9m trabalha com <\/span><b>faixas salariais<\/b><span style=\"font-weight: 400;\"> por complexidade da fun\u00e7\u00e3o, com valores que, em 2026, v\u00e3o de aproximadamente <\/span><b>R$ 1.730,00<\/b><span style=\"font-weight: 400;\"> (faixa inicial, que inclui dom\u00e9sticos) at\u00e9 cerca de <\/span><b>R$ 1.844,40<\/b><span style=\"font-weight: 400;\"> nas faixas mais altas. Como algumas faixas catarinenses podem ficar pr\u00f3ximas ou abaixo do valor nacional dependendo do momento do reajuste, \u00e9 sempre necess\u00e1rio comparar com o sal\u00e1rio m\u00ednimo federal vigente e aplicar o maior valor.<\/span><\/p>\n<h3><b>Rio de Janeiro<\/b><\/h3>\n<p><span style=\"font-weight: 400;\">O caso do Rio de Janeiro \u00e9 particular: embora exista previs\u00e3o legal para um piso estadual, com faixas que teoricamente v\u00e3o de R$ 1.238,11 a R$ 3.158,96, <\/span><b>os valores n\u00e3o recebem reajuste desde 2019<\/b><span style=\"font-weight: 400;\">. Como resultado, boa parte das faixas fluminenses est\u00e1 hoje <\/span><b>abaixo<\/b><span style=\"font-weight: 400;\"> do sal\u00e1rio m\u00ednimo nacional. Nesses casos, prevalece o valor federal: em 2026, nenhum trabalhador no Rio de Janeiro pode receber menos do que <\/span><b>R$ 1.621,00<\/b><span style=\"font-weight: 400;\">, independentemente do que diga a tabela estadual defasada.<\/span><\/p>\n<p>&nbsp;<\/p>\n<h2><b>Como saber qual valor prevalece: nacional, estadual ou conven\u00e7\u00e3o coletiva?<\/b><\/h2>\n<p>&nbsp;<\/p>\n<p><span style=\"font-weight: 400;\">A regra \u00e9 simples e vale para todo o Brasil: <\/span><b>prevalece sempre o maior valor<\/b><span style=\"font-weight: 400;\"> entre o sal\u00e1rio m\u00ednimo nacional, o piso salarial estadual (quando existir) e o piso definido em conven\u00e7\u00e3o ou acordo coletivo da categoria. Isso significa que o empregador precisa, para cada fun\u00e7\u00e3o, verificar tr\u00eas camadas de prote\u00e7\u00e3o salarial antes de definir a remunera\u00e7\u00e3o:<\/span><\/p>\n<p>&nbsp;<\/p>\n<ol>\n<li style=\"font-weight: 400;\" aria-level=\"1\"><span style=\"font-weight: 400;\">Existe <\/span><b>conven\u00e7\u00e3o ou acordo coletivo<\/b><span style=\"font-weight: 400;\"> que fixe piso para essa categoria? Se sim, esse valor deve ser respeitado quando for o mais vantajoso.<\/span><\/li>\n<li style=\"font-weight: 400;\" aria-level=\"1\"><span style=\"font-weight: 400;\">Na aus\u00eancia de piso de categoria, o estado onde a empresa est\u00e1 localizada possui <\/span><b>piso salarial regional<\/b><span style=\"font-weight: 400;\"> para essa fun\u00e7\u00e3o? Se sim, aplica-se o valor estadual, desde que superior ao nacional.<\/span><\/li>\n<li style=\"font-weight: 400;\" aria-level=\"1\"><span style=\"font-weight: 400;\">Se nenhuma das op\u00e7\u00f5es acima existir ou for aplic\u00e1vel, vale o <\/span><b>sal\u00e1rio m\u00ednimo nacional<\/b><span style=\"font-weight: 400;\">.<\/span><\/li>\n<\/ol>\n<p>&nbsp;<\/p>\n<p><span style=\"font-weight: 400;\">Essa l\u00f3gica evita que o trabalhador receba menos do que o piso mais protetivo dispon\u00edvel para sua situa\u00e7\u00e3o, e \u00e9 tamb\u00e9m o que torna o tema complexo para empresas que atuam em mais de um estado ou que empregam categorias variadas.<\/span><\/p>\n<p>&nbsp;<\/p>\n<h2><b>O que muda para empregadores dom\u00e9sticos e pequenas empresas?<\/b><\/h2>\n<p>&nbsp;<\/p>\n<p><span style=\"font-weight: 400;\">Uma das aplica\u00e7\u00f5es mais frequentes do piso salarial estadual \u00e9 justamente sobre os <\/span><b>empregados dom\u00e9sticos<\/b><span style=\"font-weight: 400;\">, categoria que raramente tem sindicato com conven\u00e7\u00e3o coletiva registrada. Empregadores dom\u00e9sticos, <\/span><b>MEIs<\/b><span style=\"font-weight: 400;\"> e <\/span><b>micro e pequenas empresas<\/b><span style=\"font-weight: 400;\"> costumam ser os que mais desconhecem a exist\u00eancia do piso regional, o que gera passivos trabalhistas relevantes quando o valor pago fica abaixo do exigido pela legisla\u00e7\u00e3o estadual.<\/span><\/p>\n<p><span style=\"font-weight: 400;\">Isso \u00e9 particularmente sens\u00edvel porque, ao contr\u00e1rio de grandes empresas com departamento de recursos humanos estruturado, <\/span><b>fam\u00edlias empregadoras<\/b><span style=\"font-weight: 400;\"> e <\/span><b>pequenos neg\u00f3cios<\/b><span style=\"font-weight: 400;\"> costumam calcular o sal\u00e1rio com base apenas no valor nacional, sem verificar se o estado onde est\u00e3o localizados possui piso pr\u00f3prio.\u00a0<\/span><\/p>\n<p><span style=\"font-weight: 400;\">O ajuste correto tamb\u00e9m precisa ser refletido no <\/span><b>eSocial<\/b><span style=\"font-weight: 400;\">, sistema usado para registrar v\u00ednculos empregat\u00edcios, folha de pagamento e recolhimento de encargos.<\/span><\/p>\n<p>&nbsp;<\/p>\n<h2><b>O que acontece se o empregador n\u00e3o pagar o piso salarial estadual?<\/b><\/h2>\n<p>&nbsp;<\/p>\n<p><span style=\"font-weight: 400;\">O descumprimento do piso salarial estadual pode gerar consequ\u00eancias relevantes, tanto na esfera administrativa quanto judicial. Entre as principais repercuss\u00f5es est\u00e3o:<\/span><\/p>\n<p><b>Penalidades administrativas<\/b><span style=\"font-weight: 400;\">: os \u00f3rg\u00e3os de fiscaliza\u00e7\u00e3o do trabalho podem aplicar multas e san\u00e7\u00f5es aos empregadores que n\u00e3o cumprem o piso estabelecido, com o objetivo de coibir pr\u00e1ticas irregulares e refor\u00e7ar o cumprimento da legisla\u00e7\u00e3o trabalhista.<\/span><\/p>\n<p><b>A\u00e7\u00f5es judiciais trabalhistas<\/b><span style=\"font-weight: 400;\">: trabalhadores prejudicados podem ingressar com reclama\u00e7\u00f5es na Justi\u00e7a do Trabalho para cobrar as <\/span><b>diferen\u00e7as salariais retroativas<\/b><span style=\"font-weight: 400;\">, que se refletem tamb\u00e9m em f\u00e9rias, 13\u00ba sal\u00e1rio, FGTS e demais verbas calculadas sobre o sal\u00e1rio. Quanto mais tempo o erro persistir, maior tende a ser o passivo acumulado.<\/span><\/p>\n<p><b>Danos \u00e0 reputa\u00e7\u00e3o<\/b><span style=\"font-weight: 400;\">: o descumprimento de obriga\u00e7\u00f5es trabalhistas b\u00e1sicas pode comprometer a imagem da empresa perante clientes, fornecedores e futuros colaboradores, afetando neg\u00f3cios e a capacidade de atrair talentos qualificados.<\/span><\/p>\n<p><b>A\u00e7\u00f5es coletivas e sindicais<\/b><span style=\"font-weight: 400;\">: sindicatos e entidades de classe podem se mobilizar em defesa da categoria, promovendo negocia\u00e7\u00f5es coletivas, notifica\u00e7\u00f5es extrajudiciais ou at\u00e9 paralisa\u00e7\u00f5es, pressionando empregadores a regularizar a situa\u00e7\u00e3o.<\/span><\/p>\n<p>&nbsp;<\/p>\n<h2><b>Erros mais comuns cometidos pelos empregadores<\/b><\/h2>\n<p>&nbsp;<\/p>\n<p><span style=\"font-weight: 400;\">Entre os equ\u00edvocos mais frequentes est\u00e1 considerar apenas o <\/span><b>sal\u00e1rio m\u00ednimo nacional<\/b><span style=\"font-weight: 400;\"> na hora de contratar, sem checar se o estado possui piso pr\u00f3prio. Outro erro comum \u00e9 aplicar o piso estadual de forma gen\u00e9rica, sem observar se a categoria espec\u00edfica j\u00e1 tem <\/span><b>conven\u00e7\u00e3o coletiva<\/b><span style=\"font-weight: 400;\"> com valor diferente, que pode ser maior ou, em alguns casos, ter regras pr\u00f3prias de enquadramento.\u00a0<\/span><\/p>\n<p><span style=\"font-weight: 400;\">Empresas que mant\u00eam filiais em mais de um estado tamb\u00e9m costumam errar ao aplicar, de forma equivocada, o piso do estado da matriz para funcion\u00e1rios que trabalham em outra unidade federativa, quando o correto \u00e9 considerar o piso do local de presta\u00e7\u00e3o do servi\u00e7o.<\/span><\/p>\n<p>&nbsp;<\/p>\n<h2><b>Boas pr\u00e1ticas para manter a folha de pagamento em conformidade<\/b><\/h2>\n<p>&nbsp;<\/p>\n<p><span style=\"font-weight: 400;\">Para reduzir riscos trabalhistas relacionados ao piso salarial estadual, algumas pr\u00e1ticas s\u00e3o recomendadas:<\/span><\/p>\n<p>&nbsp;<\/p>\n<ul>\n<li style=\"font-weight: 400;\" aria-level=\"1\"><span style=\"font-weight: 400;\">Revisar anualmente, a cada reajuste, se os sal\u00e1rios pagos continuam compat\u00edveis com o piso vigente no estado e na categoria;<\/span><\/li>\n<li style=\"font-weight: 400;\" aria-level=\"1\"><span style=\"font-weight: 400;\">Consultar o <\/span><b>sindicato da categoria<\/b><span style=\"font-weight: 400;\"> para confirmar se existe conven\u00e7\u00e3o coletiva com valor espec\u00edfico antes de aplicar o piso estadual;<\/span><\/li>\n<li style=\"font-weight: 400;\" aria-level=\"1\"><span style=\"font-weight: 400;\">Registrar corretamente os ajustes salariais no <\/span><b>eSocial<\/b><span style=\"font-weight: 400;\">, evitando inconsist\u00eancias que possam gerar autua\u00e7\u00f5es;<\/span><\/li>\n<li style=\"font-weight: 400;\" aria-level=\"1\"><span style=\"font-weight: 400;\">Contar com suporte de uma <\/span><b>consultoria cont\u00e1bil e trabalhista especializada<\/b><span style=\"font-weight: 400;\">, capaz de acompanhar simultaneamente a legisla\u00e7\u00e3o federal, estadual e as conven\u00e7\u00f5es coletivas aplic\u00e1veis a cada fun\u00e7\u00e3o.<\/span><\/li>\n<\/ul>\n<p>&nbsp;<\/p>\n<p><span style=\"font-weight: 400;\">\u00c9 exatamente nesse ponto que a experi\u00eancia de escrit\u00f3rios como a <\/span><b>Confirp Contabilidade<\/b><span style=\"font-weight: 400;\"> faz diferen\u00e7a. Com d\u00e9cadas de atua\u00e7\u00e3o em <\/span><b>planejamento tribut\u00e1rio<\/b><span style=\"font-weight: 400;\">, <\/span><b>consultoria empresarial<\/b><span style=\"font-weight: 400;\"> e acompanhamento constante das mudan\u00e7as na legisla\u00e7\u00e3o trabalhista, a empresa auxilia neg\u00f3cios de diversos portes, de pequenas empresas a companhias de maior estrutura, a manterem a folha de pagamento sempre alinhada \u00e0s exig\u00eancias legais, evitando autua\u00e7\u00f5es e passivos trabalhistas evit\u00e1veis.<\/span><\/p>\n<p>&nbsp;<\/p>\n<h2><b>Perguntas frequentes sobre sal\u00e1rio m\u00ednimo estadual<\/b><\/h2>\n<p>&nbsp;<\/p>\n<p><b>O sal\u00e1rio m\u00ednimo estadual pode ser menor que o nacional?<\/b><span style=\"font-weight: 400;\">\u00a0<\/span><\/p>\n<p><span style=\"font-weight: 400;\">N\u00e3o. Por defini\u00e7\u00e3o, o piso estadual deve ser sempre igual ou superior ao sal\u00e1rio m\u00ednimo nacional. Quando uma tabela estadual fica defasada, como ocorre atualmente no Rio de Janeiro, e o valor calculado fica abaixo do m\u00ednimo federal, \u00e9 o valor nacional que prevalece automaticamente.<\/span><\/p>\n<p><b>Todo estado brasileiro tem direito a criar um piso salarial pr\u00f3prio?<\/b><span style=\"font-weight: 400;\">\u00a0<\/span><\/p>\n<p><span style=\"font-weight: 400;\">Sim, a Lei Complementar n\u00ba 103\/2000 autoriza qualquer estado ou o Distrito Federal a instituir seu pr\u00f3prio piso regional. Na pr\u00e1tica, por\u00e9m, apenas cinco estados exercem essa prerrogativa atualmente: S\u00e3o Paulo, Paran\u00e1, Rio Grande do Sul, Santa Catarina e Rio de Janeiro.<\/span><\/p>\n<p><b>Quem define o valor do sal\u00e1rio m\u00ednimo estadual?<\/b><span style=\"font-weight: 400;\">\u00a0<\/span><\/p>\n<p><span style=\"font-weight: 400;\">O valor \u00e9 definido por lei estadual, normalmente a partir de projeto encaminhado pelo governador \u00e0 Assembleia Legislativa, considerando \u00edndices de infla\u00e7\u00e3o, o desempenho econ\u00f4mico do estado e negocia\u00e7\u00f5es com representantes de trabalhadores e empregadores.<\/span><\/p>\n<p><b>O empregado dom\u00e9stico tem direito ao piso salarial estadual?<\/b><span style=\"font-weight: 400;\">\u00a0<\/span><\/p>\n<p><span style=\"font-weight: 400;\">Sim, os empregados dom\u00e9sticos costumam ser um dos grupos mais diretamente beneficiados pelo piso estadual, justamente por raramente possu\u00edrem conven\u00e7\u00e3o coletiva pr\u00f3pria que fixe um valor espec\u00edfico.<\/span><\/p>\n<p><b>Empresas de fora do estado precisam pagar o piso regional?<\/b><span style=\"font-weight: 400;\">\u00a0<\/span><\/p>\n<p><span style=\"font-weight: 400;\">Sim, o que importa \u00e9 o local onde o trabalho \u00e9 efetivamente prestado, e n\u00e3o a sede da empresa. Se o empregado presta servi\u00e7o em um estado com piso regional, esse valor deve ser observado, ainda que a empresa esteja registrada em outro estado.<\/span><\/p>\n<p><b>Com que frequ\u00eancia o sal\u00e1rio m\u00ednimo estadual \u00e9 reajustado?<\/b><span style=\"font-weight: 400;\">\u00a0<\/span><\/p>\n<p><span style=\"font-weight: 400;\">Normalmente uma vez por ano, mas o momento do reajuste varia de estado para estado. Alguns aplicam o novo valor em janeiro, outros ao longo do primeiro semestre, conforme a tramita\u00e7\u00e3o do projeto de lei na Assembleia Legislativa local.<\/span><\/p>\n<p><b>Como saber se minha categoria tem conven\u00e7\u00e3o coletiva com piso pr\u00f3prio?<\/b><span style=\"font-weight: 400;\">\u00a0<\/span><\/p>\n<p><span style=\"font-weight: 400;\">O caminho mais seguro \u00e9 consultar o sindicato representativo da categoria na sua regi\u00e3o ou verificar o instrumento coletivo registrado no Sistema Mediador do Minist\u00e9rio do Trabalho e Emprego. Em caso de d\u00favida, uma consultoria cont\u00e1bil e trabalhista pode fazer essa verifica\u00e7\u00e3o de forma detalhada.<\/span><\/p>\n<p><b>O que fazer se eu descobrir que estou pagando abaixo do piso estadual?<\/b><span style=\"font-weight: 400;\">\u00a0<\/span><\/p>\n<p><span style=\"font-weight: 400;\">O recomendado \u00e9 regularizar o valor imediatamente, revisar se h\u00e1 diferen\u00e7as retroativas devidas e ajustar os registros no eSocial. Buscar orienta\u00e7\u00e3o especializada ajuda a dimensionar corretamente o impacto e evitar problemas futuros com fiscaliza\u00e7\u00e3o ou a\u00e7\u00f5es trabalhistas.<\/span><\/p>\n<p>&nbsp;<\/p>\n","protected":false},"excerpt":{"rendered":"<p>Entenda o sal\u00e1rio m\u00ednimo estadual em 2026: quem tem direito, valores por estado e o que fazer para evitar riscos trabalhistas.<\/p>\n","protected":false},"author":23,"featured_media":21128,"comment_status":"closed","ping_status":"closed","sticky":false,"template":"","format":"standard","meta":{"footnotes":""},"categories":[34,497],"tags":[92,288,287],"class_list":["post-21943","post","type-post","status-publish","format-standard","has-post-thumbnail","hentry","category-imprensa","category-nao-categorizado","tag-salario-minimo","tag-salario-minimo-estadual","tag-sindicatos"],"yoast_head":"<!-- This site is optimized with the Yoast SEO plugin v28.4 - https:\/\/yoast.com\/product\/yoast-seo-wordpress\/ -->\n<title>Quem paga o sal\u00e1rio m\u00ednimo estadual: entenda sua aplica\u00e7\u00e3o<\/title>\n<meta name=\"description\" content=\"Entenda o sal\u00e1rio m\u00ednimo estadual em 2026: quem tem direito, valores por estado e o que fazer para evitar riscos trabalhistas.\" \/>\n<meta name=\"robots\" content=\"index, follow, max-snippet:-1, max-image-preview:large, max-video-preview:-1\" \/>\n<link rel=\"canonical\" href=\"https:\/\/confirp.com.br\/es\/quem-paga-o-salario-minimo-estadual-entenda-sua-aplicacao\/\" \/>\n<meta property=\"og:locale\" content=\"es_ES\" \/>\n<meta property=\"og:type\" content=\"article\" \/>\n<meta property=\"og:title\" content=\"Quem paga o sal\u00e1rio m\u00ednimo estadual: entenda sua aplica\u00e7\u00e3o\" \/>\n<meta property=\"og:description\" content=\"Entenda o sal\u00e1rio m\u00ednimo estadual em 2026: quem tem direito, valores por estado e o que fazer para evitar riscos trabalhistas.\" \/>\n<meta property=\"og:url\" content=\"https:\/\/confirp.com.br\/es\/quem-paga-o-salario-minimo-estadual-entenda-sua-aplicacao\/\" \/>\n<meta property=\"og:site_name\" content=\"CONFIRP\" \/>\n<meta property=\"article:published_time\" content=\"2026-08-21T16:43:49+00:00\" \/>\n<meta property=\"article:modified_time\" content=\"2026-08-21T16:44:44+00:00\" \/>\n<meta property=\"og:image\" content=\"https:\/\/confirp.com.br\/wp-content\/uploads\/2020\/07\/42041455941_5d3d380101_b-1.jpg\" \/>\n\t<meta property=\"og:image:width\" content=\"1023\" \/>\n\t<meta property=\"og:image:height\" content=\"680\" \/>\n\t<meta property=\"og:image:type\" content=\"image\/jpeg\" \/>\n<meta name=\"author\" content=\"Confirp\" \/>\n<meta name=\"twitter:card\" content=\"summary_large_image\" \/>\n<meta name=\"twitter:label1\" content=\"Escrito por\" \/>\n\t<meta name=\"twitter:data1\" content=\"Confirp\" \/>\n\t<meta name=\"twitter:label2\" content=\"Tiempo de lectura\" \/>\n\t<meta name=\"twitter:data2\" content=\"14 minutos\" \/>\n<script type=\"application\/ld+json\" class=\"yoast-schema-graph\">{\"@context\":\"https:\\\/\\\/schema.org\",\"@graph\":[{\"@type\":\"Article\",\"@id\":\"https:\\\/\\\/confirp.com.br\\\/es\\\/quem-paga-o-salario-minimo-estadual-entenda-sua-aplicacao\\\/#article\",\"isPartOf\":{\"@id\":\"https:\\\/\\\/confirp.com.br\\\/es\\\/quem-paga-o-salario-minimo-estadual-entenda-sua-aplicacao\\\/\"},\"author\":{\"name\":\"Confirp\",\"@id\":\"https:\\\/\\\/confirp.com.br\\\/es\\\/#\\\/schema\\\/person\\\/0b813b8b6b0885df635186847eda21da\"},\"headline\":\"Quem paga o sal\u00e1rio m\u00ednimo estadual: entenda sua aplica\u00e7\u00e3o\",\"datePublished\":\"2026-08-21T16:43:49+00:00\",\"dateModified\":\"2026-08-21T16:44:44+00:00\",\"mainEntityOfPage\":{\"@id\":\"https:\\\/\\\/confirp.com.br\\\/es\\\/quem-paga-o-salario-minimo-estadual-entenda-sua-aplicacao\\\/\"},\"wordCount\":2715,\"publisher\":{\"@id\":\"https:\\\/\\\/confirp.com.br\\\/es\\\/#organization\"},\"image\":{\"@id\":\"https:\\\/\\\/confirp.com.br\\\/es\\\/quem-paga-o-salario-minimo-estadual-entenda-sua-aplicacao\\\/#primaryimage\"},\"thumbnailUrl\":\"https:\\\/\\\/confirp.com.br\\\/wp-content\\\/uploads\\\/2020\\\/07\\\/42041455941_5d3d380101_b-1.jpg\",\"keywords\":[\"sal\u00e1rio m\u00ednimo\",\"sal\u00e1rio m\u00ednimo estadual\",\"sindicatos\"],\"articleSection\":[\"imprensa\",\"N\u00e3o categorizado\"],\"inLanguage\":\"es\"},{\"@type\":\"WebPage\",\"@id\":\"https:\\\/\\\/confirp.com.br\\\/es\\\/quem-paga-o-salario-minimo-estadual-entenda-sua-aplicacao\\\/\",\"url\":\"https:\\\/\\\/confirp.com.br\\\/es\\\/quem-paga-o-salario-minimo-estadual-entenda-sua-aplicacao\\\/\",\"name\":\"Quem paga o sal\u00e1rio m\u00ednimo estadual: entenda sua aplica\u00e7\u00e3o\",\"isPartOf\":{\"@id\":\"https:\\\/\\\/confirp.com.br\\\/es\\\/#website\"},\"primaryImageOfPage\":{\"@id\":\"https:\\\/\\\/confirp.com.br\\\/es\\\/quem-paga-o-salario-minimo-estadual-entenda-sua-aplicacao\\\/#primaryimage\"},\"image\":{\"@id\":\"https:\\\/\\\/confirp.com.br\\\/es\\\/quem-paga-o-salario-minimo-estadual-entenda-sua-aplicacao\\\/#primaryimage\"},\"thumbnailUrl\":\"https:\\\/\\\/confirp.com.br\\\/wp-content\\\/uploads\\\/2020\\\/07\\\/42041455941_5d3d380101_b-1.jpg\",\"datePublished\":\"2026-08-21T16:43:49+00:00\",\"dateModified\":\"2026-08-21T16:44:44+00:00\",\"description\":\"Entenda o sal\u00e1rio m\u00ednimo estadual em 2026: quem tem direito, valores por estado e o que fazer para evitar riscos trabalhistas.\",\"breadcrumb\":{\"@id\":\"https:\\\/\\\/confirp.com.br\\\/es\\\/quem-paga-o-salario-minimo-estadual-entenda-sua-aplicacao\\\/#breadcrumb\"},\"inLanguage\":\"es\",\"potentialAction\":[{\"@type\":\"ReadAction\",\"target\":[\"https:\\\/\\\/confirp.com.br\\\/es\\\/quem-paga-o-salario-minimo-estadual-entenda-sua-aplicacao\\\/\"]}]},{\"@type\":\"ImageObject\",\"inLanguage\":\"es\",\"@id\":\"https:\\\/\\\/confirp.com.br\\\/es\\\/quem-paga-o-salario-minimo-estadual-entenda-sua-aplicacao\\\/#primaryimage\",\"url\":\"https:\\\/\\\/confirp.com.br\\\/wp-content\\\/uploads\\\/2020\\\/07\\\/42041455941_5d3d380101_b-1.jpg\",\"contentUrl\":\"https:\\\/\\\/confirp.com.br\\\/wp-content\\\/uploads\\\/2020\\\/07\\\/42041455941_5d3d380101_b-1.jpg\",\"width\":1023,\"height\":680,\"caption\":\"13\u00ba sal\u00e1rio redu\u00e7\u00e3o de jornada\\\/sal\u00e1rios e suspens\u00e3o dos contratos\"},{\"@type\":\"BreadcrumbList\",\"@id\":\"https:\\\/\\\/confirp.com.br\\\/es\\\/quem-paga-o-salario-minimo-estadual-entenda-sua-aplicacao\\\/#breadcrumb\",\"itemListElement\":[{\"@type\":\"ListItem\",\"position\":1,\"name\":\"Home\",\"item\":\"https:\\\/\\\/confirp.com.br\\\/es\\\/inicio\\\/\"},{\"@type\":\"ListItem\",\"position\":2,\"name\":\"Sin categorizar\",\"item\":\"https:\\\/\\\/confirp.com.br\\\/es\\\/category\\\/sin-categorizar\\\/\"},{\"@type\":\"ListItem\",\"position\":3,\"name\":\"Quem paga o sal\u00e1rio m\u00ednimo estadual: entenda sua aplica\u00e7\u00e3o\"}]},{\"@type\":\"WebSite\",\"@id\":\"https:\\\/\\\/confirp.com.br\\\/es\\\/#website\",\"url\":\"https:\\\/\\\/confirp.com.br\\\/es\\\/\",\"name\":\"CONFIRP\",\"description\":\"\",\"publisher\":{\"@id\":\"https:\\\/\\\/confirp.com.br\\\/es\\\/#organization\"},\"potentialAction\":[{\"@type\":\"SearchAction\",\"target\":{\"@type\":\"EntryPoint\",\"urlTemplate\":\"https:\\\/\\\/confirp.com.br\\\/es\\\/?s={search_term_string}\"},\"query-input\":{\"@type\":\"PropertyValueSpecification\",\"valueRequired\":true,\"valueName\":\"search_term_string\"}}],\"inLanguage\":\"es\"},{\"@type\":\"Organization\",\"@id\":\"https:\\\/\\\/confirp.com.br\\\/es\\\/#organization\",\"name\":\"CONFIRP\",\"url\":\"https:\\\/\\\/confirp.com.br\\\/es\\\/\",\"logo\":{\"@type\":\"ImageObject\",\"inLanguage\":\"es\",\"@id\":\"https:\\\/\\\/confirp.com.br\\\/es\\\/#\\\/schema\\\/logo\\\/image\\\/\",\"url\":\"https:\\\/\\\/confirp.com.br\\\/wp-content\\\/uploads\\\/2018\\\/09\\\/logo-confirp.svg\",\"contentUrl\":\"https:\\\/\\\/confirp.com.br\\\/wp-content\\\/uploads\\\/2018\\\/09\\\/logo-confirp.svg\",\"width\":176,\"height\":40,\"caption\":\"CONFIRP\"},\"image\":{\"@id\":\"https:\\\/\\\/confirp.com.br\\\/es\\\/#\\\/schema\\\/logo\\\/image\\\/\"}},{\"@type\":\"Person\",\"@id\":\"https:\\\/\\\/confirp.com.br\\\/es\\\/#\\\/schema\\\/person\\\/0b813b8b6b0885df635186847eda21da\",\"name\":\"Confirp\",\"url\":\"https:\\\/\\\/confirp.com.br\\\/es\\\/author\\\/confirp\\\/\"}]}<\/script>\n<!-- \/ Yoast SEO plugin. -->","yoast_head_json":{"title":"Quem paga o sal\u00e1rio m\u00ednimo estadual: entenda sua aplica\u00e7\u00e3o","description":"Entenda o sal\u00e1rio m\u00ednimo estadual em 2026: quem tem direito, valores por estado e o que fazer para evitar riscos trabalhistas.","robots":{"index":"index","follow":"follow","max-snippet":"max-snippet:-1","max-image-preview":"max-image-preview:large","max-video-preview":"max-video-preview:-1"},"canonical":"https:\/\/confirp.com.br\/es\/quem-paga-o-salario-minimo-estadual-entenda-sua-aplicacao\/","og_locale":"es_ES","og_type":"article","og_title":"Quem paga o sal\u00e1rio m\u00ednimo estadual: entenda sua aplica\u00e7\u00e3o","og_description":"Entenda o sal\u00e1rio m\u00ednimo estadual em 2026: quem tem direito, valores por estado e o que fazer para evitar riscos trabalhistas.","og_url":"https:\/\/confirp.com.br\/es\/quem-paga-o-salario-minimo-estadual-entenda-sua-aplicacao\/","og_site_name":"CONFIRP","article_published_time":"2026-08-21T16:43:49+00:00","article_modified_time":"2026-08-21T16:44:44+00:00","og_image":[{"width":1023,"height":680,"url":"https:\/\/confirp.com.br\/wp-content\/uploads\/2020\/07\/42041455941_5d3d380101_b-1.jpg","type":"image\/jpeg"}],"author":"Confirp","twitter_card":"summary_large_image","twitter_misc":{"Escrito por":"Confirp","Tiempo de lectura":"14 minutos"},"schema":{"@context":"https:\/\/schema.org","@graph":[{"@type":"Article","@id":"https:\/\/confirp.com.br\/es\/quem-paga-o-salario-minimo-estadual-entenda-sua-aplicacao\/#article","isPartOf":{"@id":"https:\/\/confirp.com.br\/es\/quem-paga-o-salario-minimo-estadual-entenda-sua-aplicacao\/"},"author":{"name":"Confirp","@id":"https:\/\/confirp.com.br\/es\/#\/schema\/person\/0b813b8b6b0885df635186847eda21da"},"headline":"Quem paga o sal\u00e1rio m\u00ednimo estadual: entenda sua aplica\u00e7\u00e3o","datePublished":"2026-08-21T16:43:49+00:00","dateModified":"2026-08-21T16:44:44+00:00","mainEntityOfPage":{"@id":"https:\/\/confirp.com.br\/es\/quem-paga-o-salario-minimo-estadual-entenda-sua-aplicacao\/"},"wordCount":2715,"publisher":{"@id":"https:\/\/confirp.com.br\/es\/#organization"},"image":{"@id":"https:\/\/confirp.com.br\/es\/quem-paga-o-salario-minimo-estadual-entenda-sua-aplicacao\/#primaryimage"},"thumbnailUrl":"https:\/\/confirp.com.br\/wp-content\/uploads\/2020\/07\/42041455941_5d3d380101_b-1.jpg","keywords":["sal\u00e1rio m\u00ednimo","sal\u00e1rio m\u00ednimo estadual","sindicatos"],"articleSection":["imprensa","N\u00e3o categorizado"],"inLanguage":"es"},{"@type":"WebPage","@id":"https:\/\/confirp.com.br\/es\/quem-paga-o-salario-minimo-estadual-entenda-sua-aplicacao\/","url":"https:\/\/confirp.com.br\/es\/quem-paga-o-salario-minimo-estadual-entenda-sua-aplicacao\/","name":"Quem paga o sal\u00e1rio m\u00ednimo estadual: entenda sua aplica\u00e7\u00e3o","isPartOf":{"@id":"https:\/\/confirp.com.br\/es\/#website"},"primaryImageOfPage":{"@id":"https:\/\/confirp.com.br\/es\/quem-paga-o-salario-minimo-estadual-entenda-sua-aplicacao\/#primaryimage"},"image":{"@id":"https:\/\/confirp.com.br\/es\/quem-paga-o-salario-minimo-estadual-entenda-sua-aplicacao\/#primaryimage"},"thumbnailUrl":"https:\/\/confirp.com.br\/wp-content\/uploads\/2020\/07\/42041455941_5d3d380101_b-1.jpg","datePublished":"2026-08-21T16:43:49+00:00","dateModified":"2026-08-21T16:44:44+00:00","description":"Entenda o sal\u00e1rio m\u00ednimo estadual em 2026: quem tem direito, valores por estado e o que fazer para evitar riscos trabalhistas.","breadcrumb":{"@id":"https:\/\/confirp.com.br\/es\/quem-paga-o-salario-minimo-estadual-entenda-sua-aplicacao\/#breadcrumb"},"inLanguage":"es","potentialAction":[{"@type":"ReadAction","target":["https:\/\/confirp.com.br\/es\/quem-paga-o-salario-minimo-estadual-entenda-sua-aplicacao\/"]}]},{"@type":"ImageObject","inLanguage":"es","@id":"https:\/\/confirp.com.br\/es\/quem-paga-o-salario-minimo-estadual-entenda-sua-aplicacao\/#primaryimage","url":"https:\/\/confirp.com.br\/wp-content\/uploads\/2020\/07\/42041455941_5d3d380101_b-1.jpg","contentUrl":"https:\/\/confirp.com.br\/wp-content\/uploads\/2020\/07\/42041455941_5d3d380101_b-1.jpg","width":1023,"height":680,"caption":"13\u00ba sal\u00e1rio redu\u00e7\u00e3o de jornada\/sal\u00e1rios e suspens\u00e3o dos contratos"},{"@type":"BreadcrumbList","@id":"https:\/\/confirp.com.br\/es\/quem-paga-o-salario-minimo-estadual-entenda-sua-aplicacao\/#breadcrumb","itemListElement":[{"@type":"ListItem","position":1,"name":"Home","item":"https:\/\/confirp.com.br\/es\/inicio\/"},{"@type":"ListItem","position":2,"name":"Sin categorizar","item":"https:\/\/confirp.com.br\/es\/category\/sin-categorizar\/"},{"@type":"ListItem","position":3,"name":"Quem paga o sal\u00e1rio m\u00ednimo estadual: entenda sua aplica\u00e7\u00e3o"}]},{"@type":"WebSite","@id":"https:\/\/confirp.com.br\/es\/#website","url":"https:\/\/confirp.com.br\/es\/","name":"CONFIRP","description":"","publisher":{"@id":"https:\/\/confirp.com.br\/es\/#organization"},"potentialAction":[{"@type":"SearchAction","target":{"@type":"EntryPoint","urlTemplate":"https:\/\/confirp.com.br\/es\/?s={search_term_string}"},"query-input":{"@type":"PropertyValueSpecification","valueRequired":true,"valueName":"search_term_string"}}],"inLanguage":"es"},{"@type":"Organization","@id":"https:\/\/confirp.com.br\/es\/#organization","name":"CONFIRP","url":"https:\/\/confirp.com.br\/es\/","logo":{"@type":"ImageObject","inLanguage":"es","@id":"https:\/\/confirp.com.br\/es\/#\/schema\/logo\/image\/","url":"https:\/\/confirp.com.br\/wp-content\/uploads\/2018\/09\/logo-confirp.svg","contentUrl":"https:\/\/confirp.com.br\/wp-content\/uploads\/2018\/09\/logo-confirp.svg","width":176,"height":40,"caption":"CONFIRP"},"image":{"@id":"https:\/\/confirp.com.br\/es\/#\/schema\/logo\/image\/"}},{"@type":"Person","@id":"https:\/\/confirp.com.br\/es\/#\/schema\/person\/0b813b8b6b0885df635186847eda21da","name":"Confirp","url":"https:\/\/confirp.com.br\/es\/author\/confirp\/"}]}},"_links":{"self":[{"href":"https:\/\/confirp.com.br\/es\/wp-json\/wp\/v2\/posts\/21943","targetHints":{"allow":["GET"]}}],"collection":[{"href":"https:\/\/confirp.com.br\/es\/wp-json\/wp\/v2\/posts"}],"about":[{"href":"https:\/\/confirp.com.br\/es\/wp-json\/wp\/v2\/types\/post"}],"author":[{"embeddable":true,"href":"https:\/\/confirp.com.br\/es\/wp-json\/wp\/v2\/users\/23"}],"replies":[{"embeddable":true,"href":"https:\/\/confirp.com.br\/es\/wp-json\/wp\/v2\/comments?post=21943"}],"version-history":[{"count":0,"href":"https:\/\/confirp.com.br\/es\/wp-json\/wp\/v2\/posts\/21943\/revisions"}],"wp:featuredmedia":[{"embeddable":true,"href":"https:\/\/confirp.com.br\/es\/wp-json\/wp\/v2\/media\/21128"}],"wp:attachment":[{"href":"https:\/\/confirp.com.br\/es\/wp-json\/wp\/v2\/media?parent=21943"}],"wp:term":[{"taxonomy":"category","embeddable":true,"href":"https:\/\/confirp.com.br\/es\/wp-json\/wp\/v2\/categories?post=21943"},{"taxonomy":"post_tag","embeddable":true,"href":"https:\/\/confirp.com.br\/es\/wp-json\/wp\/v2\/tags?post=21943"}],"curies":[{"name":"wp","href":"https:\/\/api.w.org\/{rel}","templated":true}]}}