{"id":18682,"date":"2022-01-17T08:30:33","date_gmt":"2022-01-17T11:30:33","guid":{"rendered":"https:\/\/confirp.com.br\/?p=18682"},"modified":"2022-09-19T13:14:10","modified_gmt":"2022-09-19T16:14:10","slug":"adesao-ao-simples-nacional-em-2022-vai-ate-o-fim-do-mes","status":"publish","type":"post","link":"https:\/\/confirp.com.br\/es\/adesao-ao-simples-nacional-em-2022-vai-ate-o-fim-do-mes\/","title":{"rendered":"Ades\u00e3o ao Simples Nacional em 2022 vai at\u00e9 o fim do m\u00eas"},"content":{"rendered":"<p><span style=\"font-weight: 400;\">As empresas que querem optar pela\u00a0ades\u00e3o\u00a0ao\u00a0Simples\u00a0Nacional\u00a0para 2022 devem correr, pois tem at\u00e9 o dia 31 de janeiro para realizar essa op\u00e7\u00e3o e, uma vez deferida, produzir\u00e1 efeitos a partir do primeiro dia do ano calend\u00e1rio da op\u00e7\u00e3o.<\/span><\/p>\n<p><span style=\"font-weight: 400;\">\u00abSe a pessoa fizer a op\u00e7\u00e3o e houver algum tipo de restri\u00e7\u00e3o ter\u00e1 que <\/span><strong>regularizar<\/strong><span style=\"font-weight: 400;\"> at\u00e9 o fim de janeiro. Por\u00e9m, se deixar para a \u00faltima hora, as a\u00e7\u00f5es para ajustes ser\u00e3o praticamente imposs\u00edveis\u00bb, explica Welinton Mota, diretor tribut\u00e1rio das Confirp Consultoria Cont\u00e1bil, que lembra que o programa \u00e9 bastante atrativo na maioria dos casos.<\/span><\/p>\n<p><span style=\"font-weight: 400;\">Welinton Mota conta que as empresas que t\u00eam um dos principais pontos de restri\u00e7\u00e3o s\u00e3o d\u00e9bitos tribut\u00e1rios. \u201cAs empresas que querem aderir e t\u00eam d\u00e9bitos com o governo precisam ajustar essa situa\u00e7\u00e3o. Al\u00e9m disso, as empresas que j\u00e1 est\u00e3o no regime tamb\u00e9m precisam se atentar, pois, se tiverem d\u00e9bitos e n\u00e3o ajustarem, poder\u00e3o ser exclu\u00eddas do regime tribut\u00e1rio. Lembrando que atualmente existem programas de parcelamentos dos d\u00e9bitos bastante atrativos\u201d.<\/span><\/p>\n<p><span style=\"font-weight: 400;\">Assim, antes de\u00a0aderir\u00a0ao\u00a0Simples\u00a0Nacional\u00a0\u00e9 necess\u00e1rio a elimina\u00e7\u00e3o de poss\u00edveis pend\u00eancias que poderiam ser impeditivas para o ingresso ao regime tribut\u00e1rio, como d\u00e9bitos com a Receita. A op\u00e7\u00e3o pode ser feita pela internet no site:\u00a0<\/span><a href=\"http:\/\/www8.receita.fazenda.gov.br\/simplesnacional\"><span style=\"font-weight: 400;\">www8.receita.fazenda.gov.br\/<\/span><span style=\"font-weight: 400;\">simplesnacional<\/span><\/a><span style=\"font-weight: 400;\">.\u00a0<\/span><\/p>\n<h2><b>Mais sobre o\u00a0Simples\u00a0Nacional<\/b><\/h2>\n<p><span style=\"font-weight: 400;\">O atual teto de faturamento para empresas do\u00a0Simples\u00a0Nacional\u00a0\u00e9 de R$ 4,8 milh\u00f5es por ano, mas com uma ressalva: o ICMS e o ISS ser\u00e3o cobrados separado do DAS e com todas as obriga\u00e7\u00f5es acess\u00f3rias de uma empresa normal quando o faturamento exceder R$ 3,6 milh\u00f5es acumulados nos \u00faltimos 12 meses, ficando apenas os impostos federais com recolhimento unificado.<\/span><\/p>\n<h2><b>Planejamento antes da op\u00e7\u00e3o<\/b><\/h2>\n<p><span style=\"font-weight: 400;\">Para\u00a0ades\u00e3o\u00a0ao\u00a0Simples\u00a0Nacional, segundo o diretor da Confirp Contabilidade, \u00e9 necess\u00e1rio o planejamento tribut\u00e1rio j\u00e1 que para muitas empresas essa op\u00e7\u00e3o n\u00e3o se mostra t\u00e3o vantajosa.<\/span><\/p>\n<p><span style=\"font-weight: 400;\">Exemplo s\u00e3o para muitas as empresas de servi\u00e7os que se encaixam no <\/span><strong>Anexo V<\/strong><span style=\"font-weight: 400;\">. \u00abSegundo estudos da Confirp, para algumas empresas essa op\u00e7\u00e3o n\u00e3o \u00e9 positiva, podendo representar em aumento da carga tribut\u00e1ria, apesar da simplifica\u00e7\u00e3o dos trabalhos <\/span><strong>e rotinas<\/strong><span style=\"font-weight: 400;\">\u00ab, explica Welinton Mota.<\/span><\/p>\n<p><span style=\"font-weight: 400;\">Assim, a recomenda\u00e7\u00e3o da Confirp para todas as empresas buscarem o mais r\u00e1pido poss\u00edvel por uma an\u00e1lise tribut\u00e1ria. \u00abSe a carga tribut\u00e1ria for menor ou at\u00e9 mesmo igual, com certeza ser\u00e1 muito vantajosa a op\u00e7\u00e3o pelo\u00a0Simples, pela simplifica\u00e7\u00e3o e facilidades que proporcionar\u00e1 para essas empresas\u00bb, finaliza o diretor da Confirp.<\/span><\/p>\n<h2><b>Quem j\u00e1 \u00e9 optante<\/b><\/h2>\n<p><span style=\"font-weight: 400;\">Para as empresas que j\u00e1 s\u00e3o tributadas no\u00a0Simples, o processo de manuten\u00e7\u00e3o \u00e9 autom\u00e1tico. Ponto importante \u00e9 que neste ano as empresas com d\u00e9bitos tribut\u00e1rios n\u00e3o ser\u00e3o exclu\u00eddas da tributa\u00e7\u00e3o. \u00abA decis\u00e3o pela n\u00e3o exclus\u00e3o das empresas com d\u00e9bito foi atendida por uma solicita\u00e7\u00e3o do Sebrae. Diante ao atual cen\u00e1rio de pandemia e crise financeira, nada mais coerente para com as empresas\u00bb, avalia Welinton Mota.<\/span><\/p>\n<p><span style=\"font-weight: 400;\">Contudo existem fatores que podem excluir a empresa:<\/span><\/p>\n<p><span style=\"font-weight: 400;\">Se <\/span><strong>for constatado que<\/strong><span style=\"font-weight: 400;\"> durante o ano-calend\u00e1rio, as despesas pagas superarem a margem de 20% <\/span><span style=\"font-weight: 400;\"><strong>do valor das receitas<\/strong><\/span> <span style=\"font-weight: 400;\">no mesmo per\u00edodo, com exce\u00e7\u00e3o do primeiro ano de atividade;<\/span><\/p>\n<p><span style=\"font-weight: 400;\">Se <\/span><strong>for constatado que<\/strong><span style=\"font-weight: 400;\"> durante o ano-calend\u00e1rio, o valor investido na compra de mercadorias para a comercializa\u00e7\u00e3o ou industrializa\u00e7\u00e3o for superior a 80% em compara\u00e7\u00e3o <\/span><strong>ao faturamento<\/strong><span style=\"font-weight: 400;\"> do mesmo per\u00edodo, tamb\u00e9m com exce\u00e7\u00e3o do primeiro ano de atividade.<\/span><\/p>\n","protected":false},"excerpt":{"rendered":"<p>As empresas que querem optar pela\u00a0ades\u00e3o\u00a0ao\u00a0Simples\u00a0Nacional\u00a0para 2022 devem correr, pois tem at\u00e9 o dia 31 de janeiro para realizar essa op\u00e7\u00e3o e, uma vez deferida, produzir\u00e1 efeitos a partir do primeiro dia do ano calend\u00e1rio da op\u00e7\u00e3o. \u00abSe a pessoa fizer a op\u00e7\u00e3o e houver algum tipo de restri\u00e7\u00e3o ter\u00e1 que regularizar at\u00e9 o fim de janeiro. Por\u00e9m, se deixar para a \u00faltima hora, as a\u00e7\u00f5es para ajustes ser\u00e3o praticamente imposs\u00edveis\u00bb, explica Welinton Mota, diretor tribut\u00e1rio das Confirp Consultoria Cont\u00e1bil, que lembra que o programa \u00e9 bastante atrativo na maioria dos casos. Welinton Mota conta que as empresas que t\u00eam um dos principais pontos de restri\u00e7\u00e3o s\u00e3o d\u00e9bitos tribut\u00e1rios. \u201cAs empresas que querem aderir e t\u00eam d\u00e9bitos com o governo precisam ajustar essa situa\u00e7\u00e3o. Al\u00e9m disso, as empresas que j\u00e1 est\u00e3o no regime tamb\u00e9m precisam se atentar, pois, se tiverem d\u00e9bitos e n\u00e3o ajustarem, poder\u00e3o ser exclu\u00eddas do regime tribut\u00e1rio. Lembrando que atualmente existem programas de parcelamentos dos d\u00e9bitos bastante atrativos\u201d. Assim, antes de\u00a0aderir\u00a0ao\u00a0Simples\u00a0Nacional\u00a0\u00e9 necess\u00e1rio a elimina\u00e7\u00e3o de poss\u00edveis pend\u00eancias que poderiam ser impeditivas para o ingresso ao regime tribut\u00e1rio, como d\u00e9bitos com a Receita. A op\u00e7\u00e3o pode ser feita pela internet no site:\u00a0www8.receita.fazenda.gov.br\/simplesnacional.\u00a0 Mais sobre o\u00a0Simples\u00a0Nacional O atual teto de faturamento para empresas do\u00a0Simples\u00a0Nacional\u00a0\u00e9 de R$ 4,8 milh\u00f5es por ano, mas com uma ressalva: o ICMS e o ISS ser\u00e3o cobrados separado do DAS e com todas as obriga\u00e7\u00f5es acess\u00f3rias de uma empresa normal quando o faturamento exceder R$ 3,6 milh\u00f5es acumulados nos \u00faltimos 12 meses, ficando apenas os impostos federais com recolhimento unificado. Planejamento antes da op\u00e7\u00e3o Para\u00a0ades\u00e3o\u00a0ao\u00a0Simples\u00a0Nacional, segundo o diretor da Confirp Contabilidade, \u00e9 necess\u00e1rio o planejamento tribut\u00e1rio j\u00e1 que para muitas empresas essa op\u00e7\u00e3o n\u00e3o se mostra t\u00e3o vantajosa. Exemplo s\u00e3o para muitas as empresas de servi\u00e7os que se encaixam no Anexo V. \u00abSegundo estudos da Confirp, para algumas empresas essa op\u00e7\u00e3o n\u00e3o \u00e9 positiva, podendo representar em aumento da carga tribut\u00e1ria, apesar da simplifica\u00e7\u00e3o dos trabalhos e rotinas\u00ab, explica Welinton Mota. Assim, a recomenda\u00e7\u00e3o da Confirp para todas as empresas buscarem o mais r\u00e1pido poss\u00edvel por uma an\u00e1lise tribut\u00e1ria. \u00abSe a carga tribut\u00e1ria for menor ou at\u00e9 mesmo igual, com certeza ser\u00e1 muito vantajosa a op\u00e7\u00e3o pelo\u00a0Simples, pela simplifica\u00e7\u00e3o e facilidades que proporcionar\u00e1 para essas empresas\u00bb, finaliza o diretor da Confirp. Quem j\u00e1 \u00e9 optante Para as empresas que j\u00e1 s\u00e3o tributadas no\u00a0Simples, o processo de manuten\u00e7\u00e3o \u00e9 autom\u00e1tico. Ponto importante \u00e9 que neste ano as empresas com d\u00e9bitos tribut\u00e1rios n\u00e3o ser\u00e3o exclu\u00eddas da tributa\u00e7\u00e3o. \u00abA decis\u00e3o pela n\u00e3o exclus\u00e3o das empresas com d\u00e9bito foi atendida por uma solicita\u00e7\u00e3o do Sebrae. Diante ao atual cen\u00e1rio de pandemia e crise financeira, nada mais coerente para com as empresas\u00bb, avalia Welinton Mota. Contudo existem fatores que podem excluir a empresa: Se for constatado que durante o ano-calend\u00e1rio, as despesas pagas superarem a margem de 20% do valor das receitas no mesmo per\u00edodo, com exce\u00e7\u00e3o do primeiro ano de atividade; Se for constatado que durante o ano-calend\u00e1rio, o valor investido na compra de mercadorias para a comercializa\u00e7\u00e3o ou industrializa\u00e7\u00e3o for superior a 80% em compara\u00e7\u00e3o ao faturamento do mesmo per\u00edodo, tamb\u00e9m com exce\u00e7\u00e3o do primeiro ano de atividade.<\/p>\n","protected":false},"author":24,"featured_media":18683,"comment_status":"open","ping_status":"open","sticky":false,"template":"","format":"standard","meta":{"om_disable_all_campaigns":false,"_monsterinsights_skip_tracking":false,"_monsterinsights_sitenote_active":false,"_monsterinsights_sitenote_note":"","_monsterinsights_sitenote_category":0,"_uf_show_specific_survey":0,"_uf_disable_surveys":false,"footnotes":""},"categories":[497],"tags":[],"class_list":["post-18682","post","type-post","status-publish","format-standard","has-post-thumbnail","hentry","category-nao-categorizado"],"yoast_head":"<!-- This site is optimized with the Yoast SEO plugin v27.4 - https:\/\/yoast.com\/product\/yoast-seo-wordpress\/ -->\n<title>Ades\u00e3o ao Simples Nacional em 2022 vai at\u00e9 o fim do m\u00eas - CONFIRP<\/title>\n<meta name=\"description\" content=\"A Ades\u00e3o ao Simples Nacional em 2022 vai at\u00e9 o final do m\u00eas. Entenda o procedimento, o que deve ser feito e n\u00e3o perca o prazo.\" \/>\n<meta name=\"robots\" content=\"index, follow, max-snippet:-1, max-image-preview:large, max-video-preview:-1\" \/>\n<link rel=\"canonical\" href=\"https:\/\/confirp.com.br\/es\/adesao-ao-simples-nacional-em-2022-vai-ate-o-fim-do-mes\/\" \/>\n<meta property=\"og:locale\" content=\"es_ES\" \/>\n<meta property=\"og:type\" content=\"article\" \/>\n<meta property=\"og:title\" content=\"Ades\u00e3o ao Simples Nacional em 2022 vai at\u00e9 o fim do m\u00eas - CONFIRP\" \/>\n<meta property=\"og:description\" content=\"A Ades\u00e3o ao Simples Nacional em 2022 vai at\u00e9 o final do m\u00eas. Entenda o procedimento, o que deve ser feito e n\u00e3o perca o prazo.\" \/>\n<meta property=\"og:url\" content=\"https:\/\/confirp.com.br\/es\/adesao-ao-simples-nacional-em-2022-vai-ate-o-fim-do-mes\/\" \/>\n<meta property=\"og:site_name\" content=\"CONFIRP\" \/>\n<meta property=\"article:published_time\" content=\"2022-01-17T11:30:33+00:00\" \/>\n<meta property=\"article:modified_time\" content=\"2022-09-19T16:14:10+00:00\" \/>\n<meta property=\"og:image\" content=\"https:\/\/confirp.com.br\/wp-content\/uploads\/2022\/01\/Adesao-ao-Simples-Nacional-em-2022-vai-ate-o-fim-do-mes.png\" \/>\n\t<meta property=\"og:image:width\" content=\"800\" \/>\n\t<meta property=\"og:image:height\" content=\"1200\" \/>\n\t<meta property=\"og:image:type\" content=\"image\/png\" \/>\n<meta name=\"author\" content=\"Webfoco Webfoco\" \/>\n<meta name=\"twitter:card\" content=\"summary_large_image\" \/>\n<meta name=\"twitter:label1\" content=\"Escrito por\" \/>\n\t<meta name=\"twitter:data1\" content=\"Webfoco Webfoco\" \/>\n\t<meta name=\"twitter:label2\" content=\"Tiempo de lectura\" \/>\n\t<meta name=\"twitter:data2\" content=\"3 minutos\" \/>\n<script type=\"application\/ld+json\" class=\"yoast-schema-graph\">{\"@context\":\"https:\\\/\\\/schema.org\",\"@graph\":[{\"@type\":\"Article\",\"@id\":\"https:\\\/\\\/confirp.com.br\\\/es\\\/adesao-ao-simples-nacional-em-2022-vai-ate-o-fim-do-mes\\\/#article\",\"isPartOf\":{\"@id\":\"https:\\\/\\\/confirp.com.br\\\/es\\\/adesao-ao-simples-nacional-em-2022-vai-ate-o-fim-do-mes\\\/\"},\"author\":{\"name\":\"Webfoco Webfoco\",\"@id\":\"https:\\\/\\\/confirp.com.br\\\/es\\\/#\\\/schema\\\/person\\\/f9fd97822c26d3d15921e98de0452262\"},\"headline\":\"Ades\u00e3o ao Simples Nacional em 2022 vai at\u00e9 o fim do m\u00eas\",\"datePublished\":\"2022-01-17T11:30:33+00:00\",\"dateModified\":\"2022-09-19T16:14:10+00:00\",\"mainEntityOfPage\":{\"@id\":\"https:\\\/\\\/confirp.com.br\\\/es\\\/adesao-ao-simples-nacional-em-2022-vai-ate-o-fim-do-mes\\\/\"},\"wordCount\":632,\"commentCount\":0,\"publisher\":{\"@id\":\"https:\\\/\\\/confirp.com.br\\\/es\\\/#organization\"},\"image\":{\"@id\":\"https:\\\/\\\/confirp.com.br\\\/es\\\/adesao-ao-simples-nacional-em-2022-vai-ate-o-fim-do-mes\\\/#primaryimage\"},\"thumbnailUrl\":\"https:\\\/\\\/confirp.com.br\\\/wp-content\\\/uploads\\\/2022\\\/01\\\/Adesao-ao-Simples-Nacional-em-2022-vai-ate-o-fim-do-mes.png\",\"articleSection\":[\"N\u00e3o categorizado\"],\"inLanguage\":\"es\"},{\"@type\":\"WebPage\",\"@id\":\"https:\\\/\\\/confirp.com.br\\\/es\\\/adesao-ao-simples-nacional-em-2022-vai-ate-o-fim-do-mes\\\/\",\"url\":\"https:\\\/\\\/confirp.com.br\\\/es\\\/adesao-ao-simples-nacional-em-2022-vai-ate-o-fim-do-mes\\\/\",\"name\":\"Ades\u00e3o ao Simples Nacional em 2022 vai at\u00e9 o fim do m\u00eas - CONFIRP\",\"isPartOf\":{\"@id\":\"https:\\\/\\\/confirp.com.br\\\/es\\\/#website\"},\"primaryImageOfPage\":{\"@id\":\"https:\\\/\\\/confirp.com.br\\\/es\\\/adesao-ao-simples-nacional-em-2022-vai-ate-o-fim-do-mes\\\/#primaryimage\"},\"image\":{\"@id\":\"https:\\\/\\\/confirp.com.br\\\/es\\\/adesao-ao-simples-nacional-em-2022-vai-ate-o-fim-do-mes\\\/#primaryimage\"},\"thumbnailUrl\":\"https:\\\/\\\/confirp.com.br\\\/wp-content\\\/uploads\\\/2022\\\/01\\\/Adesao-ao-Simples-Nacional-em-2022-vai-ate-o-fim-do-mes.png\",\"datePublished\":\"2022-01-17T11:30:33+00:00\",\"dateModified\":\"2022-09-19T16:14:10+00:00\",\"description\":\"A Ades\u00e3o ao Simples Nacional em 2022 vai at\u00e9 o final do m\u00eas. Entenda o procedimento, o que deve ser feito e n\u00e3o perca o prazo.\",\"breadcrumb\":{\"@id\":\"https:\\\/\\\/confirp.com.br\\\/es\\\/adesao-ao-simples-nacional-em-2022-vai-ate-o-fim-do-mes\\\/#breadcrumb\"},\"inLanguage\":\"es\",\"potentialAction\":[{\"@type\":\"ReadAction\",\"target\":[\"https:\\\/\\\/confirp.com.br\\\/es\\\/adesao-ao-simples-nacional-em-2022-vai-ate-o-fim-do-mes\\\/\"]}]},{\"@type\":\"ImageObject\",\"inLanguage\":\"es\",\"@id\":\"https:\\\/\\\/confirp.com.br\\\/es\\\/adesao-ao-simples-nacional-em-2022-vai-ate-o-fim-do-mes\\\/#primaryimage\",\"url\":\"https:\\\/\\\/confirp.com.br\\\/wp-content\\\/uploads\\\/2022\\\/01\\\/Adesao-ao-Simples-Nacional-em-2022-vai-ate-o-fim-do-mes.png\",\"contentUrl\":\"https:\\\/\\\/confirp.com.br\\\/wp-content\\\/uploads\\\/2022\\\/01\\\/Adesao-ao-Simples-Nacional-em-2022-vai-ate-o-fim-do-mes.png\",\"width\":800,\"height\":1200,\"caption\":\"Adesao ao Simples Nacional em vai ate o fim do mes\"},{\"@type\":\"BreadcrumbList\",\"@id\":\"https:\\\/\\\/confirp.com.br\\\/es\\\/adesao-ao-simples-nacional-em-2022-vai-ate-o-fim-do-mes\\\/#breadcrumb\",\"itemListElement\":[{\"@type\":\"ListItem\",\"position\":1,\"name\":\"Home\",\"item\":\"https:\\\/\\\/confirp.com.br\\\/es\\\/inicio\\\/\"},{\"@type\":\"ListItem\",\"position\":2,\"name\":\"Sin categorizar\",\"item\":\"https:\\\/\\\/confirp.com.br\\\/es\\\/category\\\/sin-categorizar\\\/\"},{\"@type\":\"ListItem\",\"position\":3,\"name\":\"Ades\u00e3o ao Simples Nacional em 2022 vai at\u00e9 o fim do m\u00eas\"}]},{\"@type\":\"WebSite\",\"@id\":\"https:\\\/\\\/confirp.com.br\\\/es\\\/#website\",\"url\":\"https:\\\/\\\/confirp.com.br\\\/es\\\/\",\"name\":\"CONFIRP\",\"description\":\"\",\"publisher\":{\"@id\":\"https:\\\/\\\/confirp.com.br\\\/es\\\/#organization\"},\"potentialAction\":[{\"@type\":\"SearchAction\",\"target\":{\"@type\":\"EntryPoint\",\"urlTemplate\":\"https:\\\/\\\/confirp.com.br\\\/es\\\/?s={search_term_string}\"},\"query-input\":{\"@type\":\"PropertyValueSpecification\",\"valueRequired\":true,\"valueName\":\"search_term_string\"}}],\"inLanguage\":\"es\"},{\"@type\":\"Organization\",\"@id\":\"https:\\\/\\\/confirp.com.br\\\/es\\\/#organization\",\"name\":\"CONFIRP\",\"url\":\"https:\\\/\\\/confirp.com.br\\\/es\\\/\",\"logo\":{\"@type\":\"ImageObject\",\"inLanguage\":\"es\",\"@id\":\"https:\\\/\\\/confirp.com.br\\\/es\\\/#\\\/schema\\\/logo\\\/image\\\/\",\"url\":\"https:\\\/\\\/confirp.com.br\\\/wp-content\\\/uploads\\\/2018\\\/09\\\/logo-confirp.svg\",\"contentUrl\":\"https:\\\/\\\/confirp.com.br\\\/wp-content\\\/uploads\\\/2018\\\/09\\\/logo-confirp.svg\",\"width\":176,\"height\":40,\"caption\":\"CONFIRP\"},\"image\":{\"@id\":\"https:\\\/\\\/confirp.com.br\\\/es\\\/#\\\/schema\\\/logo\\\/image\\\/\"}},{\"@type\":\"Person\",\"@id\":\"https:\\\/\\\/confirp.com.br\\\/es\\\/#\\\/schema\\\/person\\\/f9fd97822c26d3d15921e98de0452262\",\"name\":\"Webfoco Webfoco\",\"url\":\"https:\\\/\\\/confirp.com.br\\\/es\\\/author\\\/webfoco\\\/\"}]}<\/script>\n<!-- \/ Yoast SEO plugin. -->","yoast_head_json":{"title":"Ades\u00e3o ao Simples Nacional em 2022 vai at\u00e9 o fim do m\u00eas - CONFIRP","description":"A Ades\u00e3o ao Simples Nacional em 2022 vai at\u00e9 o final do m\u00eas. Entenda o procedimento, o que deve ser feito e n\u00e3o perca o prazo.","robots":{"index":"index","follow":"follow","max-snippet":"max-snippet:-1","max-image-preview":"max-image-preview:large","max-video-preview":"max-video-preview:-1"},"canonical":"https:\/\/confirp.com.br\/es\/adesao-ao-simples-nacional-em-2022-vai-ate-o-fim-do-mes\/","og_locale":"es_ES","og_type":"article","og_title":"Ades\u00e3o ao Simples Nacional em 2022 vai at\u00e9 o fim do m\u00eas - CONFIRP","og_description":"A Ades\u00e3o ao Simples Nacional em 2022 vai at\u00e9 o final do m\u00eas. Entenda o procedimento, o que deve ser feito e n\u00e3o perca o prazo.","og_url":"https:\/\/confirp.com.br\/es\/adesao-ao-simples-nacional-em-2022-vai-ate-o-fim-do-mes\/","og_site_name":"CONFIRP","article_published_time":"2022-01-17T11:30:33+00:00","article_modified_time":"2022-09-19T16:14:10+00:00","og_image":[{"width":800,"height":1200,"url":"https:\/\/confirp.com.br\/wp-content\/uploads\/2022\/01\/Adesao-ao-Simples-Nacional-em-2022-vai-ate-o-fim-do-mes.png","type":"image\/png"}],"author":"Webfoco Webfoco","twitter_card":"summary_large_image","twitter_misc":{"Escrito por":"Webfoco Webfoco","Tiempo de lectura":"3 minutos"},"schema":{"@context":"https:\/\/schema.org","@graph":[{"@type":"Article","@id":"https:\/\/confirp.com.br\/es\/adesao-ao-simples-nacional-em-2022-vai-ate-o-fim-do-mes\/#article","isPartOf":{"@id":"https:\/\/confirp.com.br\/es\/adesao-ao-simples-nacional-em-2022-vai-ate-o-fim-do-mes\/"},"author":{"name":"Webfoco Webfoco","@id":"https:\/\/confirp.com.br\/es\/#\/schema\/person\/f9fd97822c26d3d15921e98de0452262"},"headline":"Ades\u00e3o ao Simples Nacional em 2022 vai at\u00e9 o fim do m\u00eas","datePublished":"2022-01-17T11:30:33+00:00","dateModified":"2022-09-19T16:14:10+00:00","mainEntityOfPage":{"@id":"https:\/\/confirp.com.br\/es\/adesao-ao-simples-nacional-em-2022-vai-ate-o-fim-do-mes\/"},"wordCount":632,"commentCount":0,"publisher":{"@id":"https:\/\/confirp.com.br\/es\/#organization"},"image":{"@id":"https:\/\/confirp.com.br\/es\/adesao-ao-simples-nacional-em-2022-vai-ate-o-fim-do-mes\/#primaryimage"},"thumbnailUrl":"https:\/\/confirp.com.br\/wp-content\/uploads\/2022\/01\/Adesao-ao-Simples-Nacional-em-2022-vai-ate-o-fim-do-mes.png","articleSection":["N\u00e3o categorizado"],"inLanguage":"es"},{"@type":"WebPage","@id":"https:\/\/confirp.com.br\/es\/adesao-ao-simples-nacional-em-2022-vai-ate-o-fim-do-mes\/","url":"https:\/\/confirp.com.br\/es\/adesao-ao-simples-nacional-em-2022-vai-ate-o-fim-do-mes\/","name":"Ades\u00e3o ao Simples Nacional em 2022 vai at\u00e9 o fim do m\u00eas - CONFIRP","isPartOf":{"@id":"https:\/\/confirp.com.br\/es\/#website"},"primaryImageOfPage":{"@id":"https:\/\/confirp.com.br\/es\/adesao-ao-simples-nacional-em-2022-vai-ate-o-fim-do-mes\/#primaryimage"},"image":{"@id":"https:\/\/confirp.com.br\/es\/adesao-ao-simples-nacional-em-2022-vai-ate-o-fim-do-mes\/#primaryimage"},"thumbnailUrl":"https:\/\/confirp.com.br\/wp-content\/uploads\/2022\/01\/Adesao-ao-Simples-Nacional-em-2022-vai-ate-o-fim-do-mes.png","datePublished":"2022-01-17T11:30:33+00:00","dateModified":"2022-09-19T16:14:10+00:00","description":"A Ades\u00e3o ao Simples Nacional em 2022 vai at\u00e9 o final do m\u00eas. Entenda o procedimento, o que deve ser feito e n\u00e3o perca o prazo.","breadcrumb":{"@id":"https:\/\/confirp.com.br\/es\/adesao-ao-simples-nacional-em-2022-vai-ate-o-fim-do-mes\/#breadcrumb"},"inLanguage":"es","potentialAction":[{"@type":"ReadAction","target":["https:\/\/confirp.com.br\/es\/adesao-ao-simples-nacional-em-2022-vai-ate-o-fim-do-mes\/"]}]},{"@type":"ImageObject","inLanguage":"es","@id":"https:\/\/confirp.com.br\/es\/adesao-ao-simples-nacional-em-2022-vai-ate-o-fim-do-mes\/#primaryimage","url":"https:\/\/confirp.com.br\/wp-content\/uploads\/2022\/01\/Adesao-ao-Simples-Nacional-em-2022-vai-ate-o-fim-do-mes.png","contentUrl":"https:\/\/confirp.com.br\/wp-content\/uploads\/2022\/01\/Adesao-ao-Simples-Nacional-em-2022-vai-ate-o-fim-do-mes.png","width":800,"height":1200,"caption":"Adesao ao Simples Nacional em vai ate o fim do mes"},{"@type":"BreadcrumbList","@id":"https:\/\/confirp.com.br\/es\/adesao-ao-simples-nacional-em-2022-vai-ate-o-fim-do-mes\/#breadcrumb","itemListElement":[{"@type":"ListItem","position":1,"name":"Home","item":"https:\/\/confirp.com.br\/es\/inicio\/"},{"@type":"ListItem","position":2,"name":"Sin categorizar","item":"https:\/\/confirp.com.br\/es\/category\/sin-categorizar\/"},{"@type":"ListItem","position":3,"name":"Ades\u00e3o ao Simples Nacional em 2022 vai at\u00e9 o fim do m\u00eas"}]},{"@type":"WebSite","@id":"https:\/\/confirp.com.br\/es\/#website","url":"https:\/\/confirp.com.br\/es\/","name":"CONFIRP","description":"","publisher":{"@id":"https:\/\/confirp.com.br\/es\/#organization"},"potentialAction":[{"@type":"SearchAction","target":{"@type":"EntryPoint","urlTemplate":"https:\/\/confirp.com.br\/es\/?s={search_term_string}"},"query-input":{"@type":"PropertyValueSpecification","valueRequired":true,"valueName":"search_term_string"}}],"inLanguage":"es"},{"@type":"Organization","@id":"https:\/\/confirp.com.br\/es\/#organization","name":"CONFIRP","url":"https:\/\/confirp.com.br\/es\/","logo":{"@type":"ImageObject","inLanguage":"es","@id":"https:\/\/confirp.com.br\/es\/#\/schema\/logo\/image\/","url":"https:\/\/confirp.com.br\/wp-content\/uploads\/2018\/09\/logo-confirp.svg","contentUrl":"https:\/\/confirp.com.br\/wp-content\/uploads\/2018\/09\/logo-confirp.svg","width":176,"height":40,"caption":"CONFIRP"},"image":{"@id":"https:\/\/confirp.com.br\/es\/#\/schema\/logo\/image\/"}},{"@type":"Person","@id":"https:\/\/confirp.com.br\/es\/#\/schema\/person\/f9fd97822c26d3d15921e98de0452262","name":"Webfoco Webfoco","url":"https:\/\/confirp.com.br\/es\/author\/webfoco\/"}]}},"_links":{"self":[{"href":"https:\/\/confirp.com.br\/es\/wp-json\/wp\/v2\/posts\/18682","targetHints":{"allow":["GET"]}}],"collection":[{"href":"https:\/\/confirp.com.br\/es\/wp-json\/wp\/v2\/posts"}],"about":[{"href":"https:\/\/confirp.com.br\/es\/wp-json\/wp\/v2\/types\/post"}],"author":[{"embeddable":true,"href":"https:\/\/confirp.com.br\/es\/wp-json\/wp\/v2\/users\/24"}],"replies":[{"embeddable":true,"href":"https:\/\/confirp.com.br\/es\/wp-json\/wp\/v2\/comments?post=18682"}],"version-history":[{"count":0,"href":"https:\/\/confirp.com.br\/es\/wp-json\/wp\/v2\/posts\/18682\/revisions"}],"wp:featuredmedia":[{"embeddable":true,"href":"https:\/\/confirp.com.br\/es\/wp-json\/wp\/v2\/media\/18683"}],"wp:attachment":[{"href":"https:\/\/confirp.com.br\/es\/wp-json\/wp\/v2\/media?parent=18682"}],"wp:term":[{"taxonomy":"category","embeddable":true,"href":"https:\/\/confirp.com.br\/es\/wp-json\/wp\/v2\/categories?post=18682"},{"taxonomy":"post_tag","embeddable":true,"href":"https:\/\/confirp.com.br\/es\/wp-json\/wp\/v2\/tags?post=18682"}],"curies":[{"name":"wp","href":"https:\/\/api.w.org\/{rel}","templated":true}]}}